{"id":35108,"date":"2015-12-13T15:06:26","date_gmt":"2015-12-13T13:06:26","guid":{"rendered":"http:\/\/sana.sy\/es\/?p=35108"},"modified":"2015-12-13T15:22:12","modified_gmt":"2015-12-13T13:22:12","slug":"al-hilal-recibe-una-delegacion-del-frente-de-la-accion-islamica-en-el-libano","status":"publish","type":"post","link":"https:\/\/archive.sana.sy\/es\/?p=35108","title":{"rendered":"Al-Hilal y Ministro de Awqaf se re\u00fanen con una delegaci\u00f3n del Frente de la Acci\u00f3n Isl\u00e1mica en el L\u00edbano"},"content":{"rendered":"<p><span style=\"color: #800000\">Damasco, SANA<\/span><\/p>\n<p>El secretario general adjunto del partido \u00c1rabe Socialista de al-Baath, Hilal al-Hilal se reuni\u00f3 este domingo con el presidente del Frente de la Acci\u00f3n\u00a0Isl\u00e1mica en el L\u00edbano, jeque Zuheir al-Yaid y la delegaci\u00f3n acompa\u00f1ante.<\/p>\n<p>Durante la reuni\u00f3n, al-Hilal destac\u00f3 que Siria seguir\u00e1 apoyando a la resistencia nacional en el L\u00edbano, y a todos los movimientos libertarios que luchan contra la hegemon\u00eda colonial.<\/p>\n<p>Asimismo destac\u00f3 que Siria mantiene su fuerza y sigue abriendo sus puertas a todos los \u00e1rabes, pese a todas las duras condiciones que vive, y a la traici\u00f3n de algunos pa\u00edses \u00e1rabes y aliados que se dejaron llevar por sus tendencias pol\u00edticas pro Hermandad Musulmana.<\/p>\n<p>Al-Hilal lament\u00f3 que los amos de las organizaciones terroristas han empleado\u00a0el islam para lograr sus metas, y dirigi\u00f3 un llamamiento a los cl\u00e9rigos\u00a0para aclarar la verdadera imagen de esta religi\u00f3n tolerante.<\/p>\n<p>El alto pol\u00edtico sirio elogi\u00f3 el papel patri\u00f3tico y resistente desempe\u00f1ado por el Frente de la Acci\u00f3n\u00a0Isl\u00e1mica a nivel exterior e interior, y agradeci\u00f3 a la resistencia libanesa por su apoyo al ej\u00e9rcito sirio en sus operativos antiterroristas.<\/p>\n<p>A su vez, los miembros de la delegaci\u00f3n reiteraron su solidaridad con Siria, coraz\u00f3n de la naci\u00f3n \u00e1rabe, as\u00ed como expresaron su enorgullecimiento por las haza\u00f1as del ej\u00e9rcito sirio que est\u00e1 luchando contra las ambiciones coloniales en la regi\u00f3n.<\/p>\n<p>Por su parte, el Ministro de Awqaf debati\u00f3 con la misma delegaci\u00f3n la coordinaci\u00f3n conjunta para hacer\u00a0 frente al pensamiento takfiri wahab\u00ed que est\u00e1 amenazando al mundo \u00e1rabe e isl\u00e1mico.<\/p>\n<p>&nbsp;<\/p>\n<p>&nbsp;<br \/>\nLynn A.<\/p>\n","protected":false},"excerpt":{"rendered":"<p>Damasco, SANA El secretario general adjunto del partido \u00c1rabe Socialista de al-Baath, Hilal al-Hilal se reuni\u00f3 este domingo con el presidente del Frente de la Acci\u00f3n\u00a0Isl\u00e1mica en el L\u00edbano, jeque Zuheir al-Yaid y la delegaci\u00f3n acompa\u00f1ante. Durante la reuni\u00f3n, al-Hilal destac\u00f3 que Siria seguir\u00e1 apoyando a la resistencia nacional en el L\u00edbano, y a todos &hellip;<\/p>\n","protected":false},"author":24,"featured_media":35109,"comment_status":"closed","ping_status":"closed","sticky":false,"template":"","format":"standard","meta":{"footnotes":""},"categories":[477,597,476,7541],"tags":[],"class_list":["post-35108","post","type-post","status-publish","format-standard","has-post-thumbnail","","category-noticias-edulcorantes","category-cinta-de-noticias","category-locales","category-ultimas-noticias"],"_links":{"self":[{"href":"https:\/\/archive.sana.sy\/es\/index.php?rest_route=\/wp\/v2\/posts\/35108"}],"collection":[{"href":"https:\/\/archive.sana.sy\/es\/index.php?rest_route=\/wp\/v2\/posts"}],"about":[{"href":"https:\/\/archive.sana.sy\/es\/index.php?rest_route=\/wp\/v2\/types\/post"}],"author":[{"embeddable":true,"href":"https:\/\/archive.sana.sy\/es\/index.php?rest_route=\/wp\/v2\/users\/24"}],"replies":[{"embeddable":true,"href":"https:\/\/archive.sana.sy\/es\/index.php?rest_route=%2Fwp%2Fv2%2Fcomments&post=35108"}],"version-history":[{"count":0,"href":"https:\/\/archive.sana.sy\/es\/index.php?rest_route=\/wp\/v2\/posts\/35108\/revisions"}],"wp:featuredmedia":[{"embeddable":true,"href":"https:\/\/archive.sana.sy\/es\/index.php?rest_route=\/wp\/v2\/media\/35109"}],"wp:attachment":[{"href":"https:\/\/archive.sana.sy\/es\/index.php?rest_route=%2Fwp%2Fv2%2Fmedia&parent=35108"}],"wp:term":[{"taxonomy":"category","embeddable":true,"href":"https:\/\/archive.sana.sy\/es\/index.php?rest_route=%2Fwp%2Fv2%2Fcategories&post=35108"},{"taxonomy":"post_tag","embeddable":true,"href":"https:\/\/archive.sana.sy\/es\/index.php?rest_route=%2Fwp%2Fv2%2Ftags&post=35108"}],"curies":[{"name":"wp","href":"https:\/\/api.w.org\/{rel}","templated":true}]}}