{"id":35112,"date":"2015-12-13T15:11:58","date_gmt":"2015-12-13T13:11:58","guid":{"rendered":"http:\/\/sana.sy\/es\/?p=35112"},"modified":"2015-12-13T15:12:44","modified_gmt":"2015-12-13T13:12:44","slug":"ministerio-de-asuntos-sociales-reabre-la-guarderia-modelo-al-nour-para-capacitacion-y-ensenanza-de-los-invidentes","status":"publish","type":"post","link":"https:\/\/archive.sana.sy\/es\/?p=35112","title":{"rendered":"Asuntos Sociales reabre la Guarder\u00eda Modelo Al-Nour para Capacitaci\u00f3n y Ense\u00f1anza de los Invidentes"},"content":{"rendered":"<p><span style=\"color: #800000\">Damasco, SANA<\/span><\/p>\n<p>La ministra de Asuntos Sociales, Rima al-Qadiri, resalt\u00f3 la importancia de la participatividad entre los ministerios y<br \/>\nentidades de la sociedad civil para rehabilitar educacional y socialmente a los ni\u00f1os minusv\u00e1lidos, especialmente los invidentes, para ayudarlos a superar las trabas que enfrentan en la sociedad de forma que puedan desenvolverse bien en la vida.<\/p>\n<p>Durante el acto de reapertura, la ministra al-Qadiri se\u00f1al\u00f3 la necesidad de desarrollar los m\u00e9todos de ense\u00f1anza para rehabilitar a los invidentes y facilitar su integraci\u00f3n en la vida educativa y social productiva.<\/p>\n<p>A su vez la directora de la guarder\u00eda Hala Wazz\u00e1n puso de relieve que la instituci\u00f3n recibe a los invidentes de forma gratuita y abarca dos niveles para ense\u00f1ar a ni\u00f1os minusv\u00e1lidos y sanos a fin de materializar una integraci\u00f3n entre s\u00ed; tambi\u00e9n se le ense\u00f1ar\u00e1 a los invidentes pericias para adaptarse a la vida cotidiana y ser autosuficientes, as\u00ed como se les dar\u00e1 ejercicios para potenciar los otros instintos por medio de planes docentes acorde a las necesidades del ni\u00f1o invidente para facilitar su entrada a posteriori en la ense\u00f1anza b\u00e1sica contando para ello con el apoyo de la Fundaci\u00f3n de Atenci\u00f3n a los Invidentes.<\/p>\n<p>&nbsp;<\/p>\n<p>&nbsp;<\/p>\n<p>Riyad Sh., Lynn A.<\/p>\n","protected":false},"excerpt":{"rendered":"<p>Damasco, SANA La ministra de Asuntos Sociales, Rima al-Qadiri, resalt\u00f3 la importancia de la participatividad entre los ministerios y entidades de la sociedad civil para rehabilitar educacional y socialmente a los ni\u00f1os minusv\u00e1lidos, especialmente los invidentes, para ayudarlos a superar las trabas que enfrentan en la sociedad de forma que puedan desenvolverse bien en la &hellip;<\/p>\n","protected":false},"author":24,"featured_media":35113,"comment_status":"closed","ping_status":"closed","sticky":false,"template":"","format":"standard","meta":{"footnotes":""},"categories":[477,476],"tags":[],"class_list":["post-35112","post","type-post","status-publish","format-standard","has-post-thumbnail","","category-noticias-edulcorantes","category-locales"],"_links":{"self":[{"href":"https:\/\/archive.sana.sy\/es\/index.php?rest_route=\/wp\/v2\/posts\/35112"}],"collection":[{"href":"https:\/\/archive.sana.sy\/es\/index.php?rest_route=\/wp\/v2\/posts"}],"about":[{"href":"https:\/\/archive.sana.sy\/es\/index.php?rest_route=\/wp\/v2\/types\/post"}],"author":[{"embeddable":true,"href":"https:\/\/archive.sana.sy\/es\/index.php?rest_route=\/wp\/v2\/users\/24"}],"replies":[{"embeddable":true,"href":"https:\/\/archive.sana.sy\/es\/index.php?rest_route=%2Fwp%2Fv2%2Fcomments&post=35112"}],"version-history":[{"count":0,"href":"https:\/\/archive.sana.sy\/es\/index.php?rest_route=\/wp\/v2\/posts\/35112\/revisions"}],"wp:featuredmedia":[{"embeddable":true,"href":"https:\/\/archive.sana.sy\/es\/index.php?rest_route=\/wp\/v2\/media\/35113"}],"wp:attachment":[{"href":"https:\/\/archive.sana.sy\/es\/index.php?rest_route=%2Fwp%2Fv2%2Fmedia&parent=35112"}],"wp:term":[{"taxonomy":"category","embeddable":true,"href":"https:\/\/archive.sana.sy\/es\/index.php?rest_route=%2Fwp%2Fv2%2Fcategories&post=35112"},{"taxonomy":"post_tag","embeddable":true,"href":"https:\/\/archive.sana.sy\/es\/index.php?rest_route=%2Fwp%2Fv2%2Ftags&post=35112"}],"curies":[{"name":"wp","href":"https:\/\/api.w.org\/{rel}","templated":true}]}}