{"id":351125,"date":"2025-04-19T19:38:18","date_gmt":"2025-04-19T16:38:18","guid":{"rendered":"https:\/\/sana.sy\/es\/?p=351125"},"modified":"2025-04-19T19:38:48","modified_gmt":"2025-04-19T16:38:48","slug":"viceministro-de-economia-aborda-con-comerciantes-e-industriales-expatriados-la-situacion-economica","status":"publish","type":"post","link":"https:\/\/archive.sana.sy\/es\/?p=351125","title":{"rendered":"Viceministro de Econom\u00eda aborda con comerciantes e industriales expatriados la situaci\u00f3n econ\u00f3mica"},"content":{"rendered":"<p style=\"text-align: justify;\"><span style=\"color: #800000;\"><strong>Damasco, 19 abr (SANA)\u00a0<\/strong><\/span> \u00a0El Viceministro de Econom\u00eda e Industria, Basel Abdul Hannan, examina con comerciantes e industriales expatriados de Alepo la situaci\u00f3n econ\u00f3mica y las formas de superar los obst\u00e1culos que enfrenta el sector industrial local.<\/p>\n<div id='gallery-1' class='gallery galleryid-351125 gallery-columns-1 gallery-size-full'><figure class='gallery-item'>\n\t\t\t<div class='gallery-icon landscape'>\n\t\t\t\t<a href='https:\/\/archive.sana.sy\/es\/wp-content\/uploads\/2025\/04\/photo_4_2025-04-19_19-11-05.jpg'><img loading=\"lazy\" decoding=\"async\" width=\"1280\" height=\"960\" src=\"https:\/\/archive.sana.sy\/es\/wp-content\/uploads\/2025\/04\/photo_4_2025-04-19_19-11-05.jpg\" class=\"attachment-full size-full\" alt=\"\" srcset=\"https:\/\/archive.sana.sy\/es\/wp-content\/uploads\/2025\/04\/photo_4_2025-04-19_19-11-05.jpg 1280w, https:\/\/archive.sana.sy\/es\/wp-content\/uploads\/2025\/04\/photo_4_2025-04-19_19-11-05-300x225.jpg 300w, https:\/\/archive.sana.sy\/es\/wp-content\/uploads\/2025\/04\/photo_4_2025-04-19_19-11-05-1024x768.jpg 1024w, https:\/\/archive.sana.sy\/es\/wp-content\/uploads\/2025\/04\/photo_4_2025-04-19_19-11-05-150x113.jpg 150w, https:\/\/archive.sana.sy\/es\/wp-content\/uploads\/2025\/04\/photo_4_2025-04-19_19-11-05-768x576.jpg 768w\" sizes=\"(max-width: 1280px) 100vw, 1280px\" \/><\/a>\n\t\t\t<\/div><\/figure><figure class='gallery-item'>\n\t\t\t<div class='gallery-icon landscape'>\n\t\t\t\t<a href='https:\/\/archive.sana.sy\/es\/wp-content\/uploads\/2025\/04\/photo_3_2025-04-19_19-11-05.jpg'><img loading=\"lazy\" decoding=\"async\" width=\"1280\" height=\"895\" src=\"https:\/\/archive.sana.sy\/es\/wp-content\/uploads\/2025\/04\/photo_3_2025-04-19_19-11-05.jpg\" class=\"attachment-full size-full\" alt=\"\" srcset=\"https:\/\/archive.sana.sy\/es\/wp-content\/uploads\/2025\/04\/photo_3_2025-04-19_19-11-05.jpg 1280w, https:\/\/archive.sana.sy\/es\/wp-content\/uploads\/2025\/04\/photo_3_2025-04-19_19-11-05-300x210.jpg 300w, https:\/\/archive.sana.sy\/es\/wp-content\/uploads\/2025\/04\/photo_3_2025-04-19_19-11-05-1024x716.jpg 1024w, https:\/\/archive.sana.sy\/es\/wp-content\/uploads\/2025\/04\/photo_3_2025-04-19_19-11-05-150x105.jpg 150w, https:\/\/archive.sana.sy\/es\/wp-content\/uploads\/2025\/04\/photo_3_2025-04-19_19-11-05-768x537.jpg 768w\" sizes=\"(max-width: 1280px) 100vw, 1280px\" \/><\/a>\n\t\t\t<\/div><\/figure><figure class='gallery-item'>\n\t\t\t<div class='gallery-icon landscape'>\n\t\t\t\t<a href='https:\/\/archive.sana.sy\/es\/wp-content\/uploads\/2025\/04\/photo_2_2025-04-19_19-11-05.jpg'><img loading=\"lazy\" decoding=\"async\" width=\"1280\" height=\"885\" src=\"https:\/\/archive.sana.sy\/es\/wp-content\/uploads\/2025\/04\/photo_2_2025-04-19_19-11-05.jpg\" class=\"attachment-full size-full\" alt=\"\" srcset=\"https:\/\/archive.sana.sy\/es\/wp-content\/uploads\/2025\/04\/photo_2_2025-04-19_19-11-05.jpg 1280w, https:\/\/archive.sana.sy\/es\/wp-content\/uploads\/2025\/04\/photo_2_2025-04-19_19-11-05-300x207.jpg 300w, https:\/\/archive.sana.sy\/es\/wp-content\/uploads\/2025\/04\/photo_2_2025-04-19_19-11-05-1024x708.jpg 1024w, https:\/\/archive.sana.sy\/es\/wp-content\/uploads\/2025\/04\/photo_2_2025-04-19_19-11-05-150x104.jpg 150w, https:\/\/archive.sana.sy\/es\/wp-content\/uploads\/2025\/04\/photo_2_2025-04-19_19-11-05-768x531.jpg 768w, https:\/\/archive.sana.sy\/es\/wp-content\/uploads\/2025\/04\/photo_2_2025-04-19_19-11-05-110x75.jpg 110w\" sizes=\"(max-width: 1280px) 100vw, 1280px\" \/><\/a>\n\t\t\t<\/div><\/figure>\n\t\t<\/div>\n\n","protected":false},"excerpt":{"rendered":"<p>Damasco, 19 abr (SANA)\u00a0 \u00a0El Viceministro de Econom\u00eda e Industria, Basel Abdul Hannan, examina con comerciantes e industriales expatriados de Alepo la situaci\u00f3n econ\u00f3mica y las formas de superar los obst\u00e1culos que enfrenta el sector industrial local.<\/p>\n","protected":false},"author":31,"featured_media":351126,"comment_status":"closed","ping_status":"closed","sticky":false,"template":"","format":"standard","meta":{"footnotes":""},"categories":[597,476,7541],"tags":[],"class_list":["post-351125","post","type-post","status-publish","format-standard","has-post-thumbnail","","category-cinta-de-noticias","category-locales","category-ultimas-noticias"],"_links":{"self":[{"href":"https:\/\/archive.sana.sy\/es\/index.php?rest_route=\/wp\/v2\/posts\/351125"}],"collection":[{"href":"https:\/\/archive.sana.sy\/es\/index.php?rest_route=\/wp\/v2\/posts"}],"about":[{"href":"https:\/\/archive.sana.sy\/es\/index.php?rest_route=\/wp\/v2\/types\/post"}],"author":[{"embeddable":true,"href":"https:\/\/archive.sana.sy\/es\/index.php?rest_route=\/wp\/v2\/users\/31"}],"replies":[{"embeddable":true,"href":"https:\/\/archive.sana.sy\/es\/index.php?rest_route=%2Fwp%2Fv2%2Fcomments&post=351125"}],"version-history":[{"count":3,"href":"https:\/\/archive.sana.sy\/es\/index.php?rest_route=\/wp\/v2\/posts\/351125\/revisions"}],"predecessor-version":[{"id":351132,"href":"https:\/\/archive.sana.sy\/es\/index.php?rest_route=\/wp\/v2\/posts\/351125\/revisions\/351132"}],"wp:featuredmedia":[{"embeddable":true,"href":"https:\/\/archive.sana.sy\/es\/index.php?rest_route=\/wp\/v2\/media\/351126"}],"wp:attachment":[{"href":"https:\/\/archive.sana.sy\/es\/index.php?rest_route=%2Fwp%2Fv2%2Fmedia&parent=351125"}],"wp:term":[{"taxonomy":"category","embeddable":true,"href":"https:\/\/archive.sana.sy\/es\/index.php?rest_route=%2Fwp%2Fv2%2Fcategories&post=351125"},{"taxonomy":"post_tag","embeddable":true,"href":"https:\/\/archive.sana.sy\/es\/index.php?rest_route=%2Fwp%2Fv2%2Ftags&post=351125"}],"curies":[{"name":"wp","href":"https:\/\/api.w.org\/{rel}","templated":true}]}}