{"id":35118,"date":"2015-12-13T15:38:23","date_gmt":"2015-12-13T13:38:23","guid":{"rendered":"http:\/\/sana.sy\/es\/?p=35118"},"modified":"2015-12-13T15:41:38","modified_gmt":"2015-12-13T13:41:38","slug":"saludo-al-golan-una-exposicion-artistica-en-suwaida","status":"publish","type":"post","link":"https:\/\/archive.sana.sy\/es\/?p=35118","title":{"rendered":"\u201cSaludo al Gol\u00e1n\u201d\u2026 una exposici\u00f3n art\u00edstica en Suwaida"},"content":{"rendered":"<p><span style=\"color: #800000\">Suwaida, SANA<\/span><\/p>\n<p>La asociaci\u00f3n ben\u00e9fica (Hijos del Gol\u00e1n) organiz\u00f3 una exposici\u00f3n bajo el t\u00edtulo \u201cSaludo al Gol\u00e1n\u201d en la galer\u00eda del Centro Cultural \u00c1rabe en Suwaida, la cual integra 70 obras de arte: 58 pinturas al \u00f3leo, carb\u00f3n y grafitis, a\u00f1\u00e1dales 12 esculturas de basalto y madera.<\/p>\n<p>El gobernador de Suwaida, Dr. Atef Naddaf, destac\u00f3 la importancia de la exposici\u00f3n en reafirmar la continuidad de la firmeza de nuestra poblaci\u00f3n en el Gol\u00e1n \u00c1rabe Sirio ocupado, donde se mantienen resistentes inspir\u00e1ndose en los ideales patrios y no renunciar siquiera a un \u00e1tomo del suelo sagrado.<\/p>\n<p>Por su parte el vicepresidente de la junta directiva de la Asociaci\u00f3n, Issam Hamada, se\u00f1al\u00f3 que el objetivo de la exposici\u00f3n \u2013en que participan 16 artistas- es dirigir un saludo a nuestra poblaci\u00f3n en el Gol\u00e1n con ocasi\u00f3n del triste aniversario de la decisi\u00f3n racista israel\u00ed de anexarse el Gol\u00e1n sirio ocupado.<\/p>\n<p>&nbsp;<\/p>\n<div id='gallery-1' class='gallery galleryid-35118 gallery-columns-3 gallery-size-thumbnail'><figure class='gallery-item'>\n\t\t\t<div class='gallery-icon landscape'>\n\t\t\t\t<a href='https:\/\/archive.sana.sy\/es\/wp-content\/uploads\/2015\/12\/expo-Swaida-Golan.jpg'><img loading=\"lazy\" decoding=\"async\" width=\"150\" height=\"92\" src=\"https:\/\/archive.sana.sy\/es\/wp-content\/uploads\/2015\/12\/expo-Swaida-Golan-150x92.jpg\" class=\"attachment-thumbnail size-thumbnail\" alt=\"\" srcset=\"https:\/\/archive.sana.sy\/es\/wp-content\/uploads\/2015\/12\/expo-Swaida-Golan-150x92.jpg 150w, https:\/\/archive.sana.sy\/es\/wp-content\/uploads\/2015\/12\/expo-Swaida-Golan-300x184.jpg 300w, https:\/\/archive.sana.sy\/es\/wp-content\/uploads\/2015\/12\/expo-Swaida-Golan-768x471.jpg 768w, https:\/\/archive.sana.sy\/es\/wp-content\/uploads\/2015\/12\/expo-Swaida-Golan-1024x628.jpg 1024w\" sizes=\"(max-width: 150px) 100vw, 150px\" \/><\/a>\n\t\t\t<\/div><\/figure><figure class='gallery-item'>\n\t\t\t<div class='gallery-icon landscape'>\n\t\t\t\t<a href='https:\/\/archive.sana.sy\/es\/wp-content\/uploads\/2015\/12\/expo-Swaida-Golan-2.jpg'><img loading=\"lazy\" decoding=\"async\" width=\"150\" height=\"101\" src=\"https:\/\/archive.sana.sy\/es\/wp-content\/uploads\/2015\/12\/expo-Swaida-Golan-2-150x101.jpg\" class=\"attachment-thumbnail size-thumbnail\" alt=\"\" srcset=\"https:\/\/archive.sana.sy\/es\/wp-content\/uploads\/2015\/12\/expo-Swaida-Golan-2-150x101.jpg 150w, https:\/\/archive.sana.sy\/es\/wp-content\/uploads\/2015\/12\/expo-Swaida-Golan-2-300x203.jpg 300w, https:\/\/archive.sana.sy\/es\/wp-content\/uploads\/2015\/12\/expo-Swaida-Golan-2-768x519.jpg 768w, https:\/\/archive.sana.sy\/es\/wp-content\/uploads\/2015\/12\/expo-Swaida-Golan-2-1024x692.jpg 1024w, https:\/\/archive.sana.sy\/es\/wp-content\/uploads\/2015\/12\/expo-Swaida-Golan-2-110x75.jpg 110w\" sizes=\"(max-width: 150px) 100vw, 150px\" \/><\/a>\n\t\t\t<\/div><\/figure><figure class='gallery-item'>\n\t\t\t<div class='gallery-icon landscape'>\n\t\t\t\t<a href='https:\/\/archive.sana.sy\/es\/wp-content\/uploads\/2015\/12\/expo-Swaida-Golan-1.jpg'><img loading=\"lazy\" decoding=\"async\" width=\"150\" height=\"96\" src=\"https:\/\/archive.sana.sy\/es\/wp-content\/uploads\/2015\/12\/expo-Swaida-Golan-1-150x96.jpg\" class=\"attachment-thumbnail size-thumbnail\" alt=\"\" srcset=\"https:\/\/archive.sana.sy\/es\/wp-content\/uploads\/2015\/12\/expo-Swaida-Golan-1-150x96.jpg 150w, https:\/\/archive.sana.sy\/es\/wp-content\/uploads\/2015\/12\/expo-Swaida-Golan-1-300x192.jpg 300w, https:\/\/archive.sana.sy\/es\/wp-content\/uploads\/2015\/12\/expo-Swaida-Golan-1-768x492.jpg 768w, https:\/\/archive.sana.sy\/es\/wp-content\/uploads\/2015\/12\/expo-Swaida-Golan-1-1024x656.jpg 1024w\" sizes=\"(max-width: 150px) 100vw, 150px\" \/><\/a>\n\t\t\t<\/div><\/figure><figure class='gallery-item'>\n\t\t\t<div class='gallery-icon landscape'>\n\t\t\t\t<a href='https:\/\/archive.sana.sy\/es\/wp-content\/uploads\/2015\/12\/expo-Swaida-Golan-3.jpg'><img loading=\"lazy\" decoding=\"async\" width=\"150\" height=\"102\" src=\"https:\/\/archive.sana.sy\/es\/wp-content\/uploads\/2015\/12\/expo-Swaida-Golan-3-150x102.jpg\" class=\"attachment-thumbnail size-thumbnail\" alt=\"\" srcset=\"https:\/\/archive.sana.sy\/es\/wp-content\/uploads\/2015\/12\/expo-Swaida-Golan-3-150x102.jpg 150w, https:\/\/archive.sana.sy\/es\/wp-content\/uploads\/2015\/12\/expo-Swaida-Golan-3-300x203.jpg 300w, https:\/\/archive.sana.sy\/es\/wp-content\/uploads\/2015\/12\/expo-Swaida-Golan-3-768x520.jpg 768w, https:\/\/archive.sana.sy\/es\/wp-content\/uploads\/2015\/12\/expo-Swaida-Golan-3-1024x694.jpg 1024w, https:\/\/archive.sana.sy\/es\/wp-content\/uploads\/2015\/12\/expo-Swaida-Golan-3-110x75.jpg 110w\" sizes=\"(max-width: 150px) 100vw, 150px\" \/><\/a>\n\t\t\t<\/div><\/figure>\n\t\t<\/div>\n\nRiyad Sh., Lynn A.<\/p>\n","protected":false},"excerpt":{"rendered":"<p>Suwaida, SANA La asociaci\u00f3n ben\u00e9fica (Hijos del Gol\u00e1n) organiz\u00f3 una exposici\u00f3n bajo el t\u00edtulo \u201cSaludo al Gol\u00e1n\u201d en la galer\u00eda del Centro Cultural \u00c1rabe en Suwaida, la cual integra 70 obras de arte: 58 pinturas al \u00f3leo, carb\u00f3n y grafitis, a\u00f1\u00e1dales 12 esculturas de basalto y madera. El gobernador de Suwaida, Dr. Atef Naddaf, destac\u00f3 &hellip;<\/p>\n","protected":false},"author":24,"featured_media":35121,"comment_status":"closed","ping_status":"closed","sticky":false,"template":"","format":"standard","meta":{"footnotes":""},"categories":[510],"tags":[],"class_list":["post-35118","post","type-post","status-publish","format-standard","has-post-thumbnail","","category-arte-y-cultura"],"_links":{"self":[{"href":"https:\/\/archive.sana.sy\/es\/index.php?rest_route=\/wp\/v2\/posts\/35118"}],"collection":[{"href":"https:\/\/archive.sana.sy\/es\/index.php?rest_route=\/wp\/v2\/posts"}],"about":[{"href":"https:\/\/archive.sana.sy\/es\/index.php?rest_route=\/wp\/v2\/types\/post"}],"author":[{"embeddable":true,"href":"https:\/\/archive.sana.sy\/es\/index.php?rest_route=\/wp\/v2\/users\/24"}],"replies":[{"embeddable":true,"href":"https:\/\/archive.sana.sy\/es\/index.php?rest_route=%2Fwp%2Fv2%2Fcomments&post=35118"}],"version-history":[{"count":0,"href":"https:\/\/archive.sana.sy\/es\/index.php?rest_route=\/wp\/v2\/posts\/35118\/revisions"}],"wp:featuredmedia":[{"embeddable":true,"href":"https:\/\/archive.sana.sy\/es\/index.php?rest_route=\/wp\/v2\/media\/35121"}],"wp:attachment":[{"href":"https:\/\/archive.sana.sy\/es\/index.php?rest_route=%2Fwp%2Fv2%2Fmedia&parent=35118"}],"wp:term":[{"taxonomy":"category","embeddable":true,"href":"https:\/\/archive.sana.sy\/es\/index.php?rest_route=%2Fwp%2Fv2%2Fcategories&post=35118"},{"taxonomy":"post_tag","embeddable":true,"href":"https:\/\/archive.sana.sy\/es\/index.php?rest_route=%2Fwp%2Fv2%2Ftags&post=35118"}],"curies":[{"name":"wp","href":"https:\/\/api.w.org\/{rel}","templated":true}]}}