{"id":351207,"date":"2025-04-20T20:18:32","date_gmt":"2025-04-20T17:18:32","guid":{"rendered":"https:\/\/sana.sy\/es\/?p=351207"},"modified":"2025-04-20T20:19:19","modified_gmt":"2025-04-20T17:19:19","slug":"siria-participara-en-reuniones-del-fondo-monetario-internacional-y-el-banco-mundial","status":"publish","type":"post","link":"https:\/\/archive.sana.sy\/es\/?p=351207","title":{"rendered":"Siria participar\u00e1 en reuniones del Fondo Monetario Internacional y el Banco Mundial"},"content":{"rendered":"<p style=\"text-align: justify;\"><span style=\"color: #800000;\"><strong>Damasco, 20 abr (SANA)\u00a0<\/strong><\/span> Siria participar\u00e1 la pr\u00f3xima semana en las reuniones anuales de los organismos financieros internacionales en Washington.<\/p>\n<p style=\"text-align: justify;\">El ministro de Finanzas, Mohammad Yaser Barniyeh, explic\u00f3 en una declaraci\u00f3n a SANA que el objetivo de participar en las reuniones que Siria mantendr\u00e1 con el Fondo Monetario Internacional y el Banco Mundial es &#8220;revitalizar la cooperaci\u00f3n con las instituciones financieras internacionales, abrir canales de apoyo t\u00e9cnico y la creaci\u00f3n de las capacidades&#8221;.<\/p>\n<p style=\"text-align: justify;\">El titular sirio detall\u00f3 las reuniones proyectadas con el Fondo Monetario Internacional y el Banco Mundial son &#8221; t\u00e9cnicas&#8221; y dijo que son parte de una serie de encuentros que Siria llevar\u00e1 a cabo para servir a sus programas e intereses de reforma econ\u00f3mica y financiera.<\/p>\n<p style=\"text-align: justify;\">La semana pasada, el referido funcionario sirio sostuvo conversaciones con una delegaci\u00f3n t\u00e9cnica especializada en el sector financiero y monetario del Banco Mundial, que incluyeron formas de fortalecer las relaciones financieras y desarrollar y modernizar diversas \u00e1reas de trabajo en los bancos sirios.<\/p>\n","protected":false},"excerpt":{"rendered":"<p>Damasco, 20 abr (SANA)\u00a0 Siria participar\u00e1 la pr\u00f3xima semana en las reuniones anuales de los organismos financieros internacionales en Washington. El ministro de Finanzas, Mohammad Yaser Barniyeh, explic\u00f3 en una declaraci\u00f3n a SANA que el objetivo de participar en las reuniones que Siria mantendr\u00e1 con el Fondo Monetario Internacional y el Banco Mundial es &#8220;revitalizar &hellip;<\/p>\n","protected":false},"author":39,"featured_media":351208,"comment_status":"closed","ping_status":"closed","sticky":false,"template":"","format":"standard","meta":{"footnotes":""},"categories":[597,20724,467,7541],"tags":[],"class_list":["post-351207","post","type-post","status-publish","format-standard","has-post-thumbnail","","category-cinta-de-noticias","category-minuto-a-minuto","category-siria-y-el-mundo","category-ultimas-noticias"],"_links":{"self":[{"href":"https:\/\/archive.sana.sy\/es\/index.php?rest_route=\/wp\/v2\/posts\/351207"}],"collection":[{"href":"https:\/\/archive.sana.sy\/es\/index.php?rest_route=\/wp\/v2\/posts"}],"about":[{"href":"https:\/\/archive.sana.sy\/es\/index.php?rest_route=\/wp\/v2\/types\/post"}],"author":[{"embeddable":true,"href":"https:\/\/archive.sana.sy\/es\/index.php?rest_route=\/wp\/v2\/users\/39"}],"replies":[{"embeddable":true,"href":"https:\/\/archive.sana.sy\/es\/index.php?rest_route=%2Fwp%2Fv2%2Fcomments&post=351207"}],"version-history":[{"count":1,"href":"https:\/\/archive.sana.sy\/es\/index.php?rest_route=\/wp\/v2\/posts\/351207\/revisions"}],"predecessor-version":[{"id":351209,"href":"https:\/\/archive.sana.sy\/es\/index.php?rest_route=\/wp\/v2\/posts\/351207\/revisions\/351209"}],"wp:featuredmedia":[{"embeddable":true,"href":"https:\/\/archive.sana.sy\/es\/index.php?rest_route=\/wp\/v2\/media\/351208"}],"wp:attachment":[{"href":"https:\/\/archive.sana.sy\/es\/index.php?rest_route=%2Fwp%2Fv2%2Fmedia&parent=351207"}],"wp:term":[{"taxonomy":"category","embeddable":true,"href":"https:\/\/archive.sana.sy\/es\/index.php?rest_route=%2Fwp%2Fv2%2Fcategories&post=351207"},{"taxonomy":"post_tag","embeddable":true,"href":"https:\/\/archive.sana.sy\/es\/index.php?rest_route=%2Fwp%2Fv2%2Ftags&post=351207"}],"curies":[{"name":"wp","href":"https:\/\/api.w.org\/{rel}","templated":true}]}}