{"id":351313,"date":"2025-04-21T17:25:59","date_gmt":"2025-04-21T14:25:59","guid":{"rendered":"https:\/\/sana.sy\/es\/?p=351313"},"modified":"2025-04-21T17:25:59","modified_gmt":"2025-04-21T14:25:59","slug":"qatar-abordara-con-ee-uu-el-levantamiento-de-las-sanciones-impuestas-a-siria","status":"publish","type":"post","link":"https:\/\/archive.sana.sy\/es\/?p=351313","title":{"rendered":"Qatar abordar\u00e1 con EE.UU. el levantamiento de las sanciones impuestas a Siria"},"content":{"rendered":"<p style=\"text-align: justify;\"><span style=\"color: #800000;\"><strong>Doha, 21 abr (SANA)\u00a0\u00a0<\/strong><\/span> El Ministro de Estado de Asuntos Exteriores de Qatar, Mohamed Al-Khulaifi, anunci\u00f3 que se abordar\u00e1n varios temas relacionados con Siria durante la pr\u00f3xima visita de la delegaci\u00f3n qatar\u00ed a Estados Unidos.<\/p>\n<p style=\"text-align: justify;\">\u201cDurante la visita a Washington, la delegaci\u00f3n qatar\u00ed buscar\u00e1 abordar la cuesti\u00f3n de las sanciones contra Siria con miras a eliminarlas\u201d, cit\u00f3 la agencia AFP a Al-Khulaifi.<\/p>\n<p style=\"text-align: justify;\">Agreg\u00f3 que tambi\u00e9n se discutir\u00e1n con la parte estadounidense y otras partes regionales la prestaci\u00f3n de asistencia financiera para aumentar los salarios del sector p\u00fablico en Siria y el suministro de gas qatar\u00ed a Siria.<\/p>\n<p style=\"text-align: justify;\">El presidente sirio, Ahmad al-Shara, visit\u00f3 Qatar el martes pasado y se reuni\u00f3 con el emir Sheikh Tamim bin Hamad Al Thani en Doha, donde se celebr\u00f3 una reuni\u00f3n oficial entre ambas partes.<\/p>\n","protected":false},"excerpt":{"rendered":"<p>Doha, 21 abr (SANA)\u00a0\u00a0 El Ministro de Estado de Asuntos Exteriores de Qatar, Mohamed Al-Khulaifi, anunci\u00f3 que se abordar\u00e1n varios temas relacionados con Siria durante la pr\u00f3xima visita de la delegaci\u00f3n qatar\u00ed a Estados Unidos. \u201cDurante la visita a Washington, la delegaci\u00f3n qatar\u00ed buscar\u00e1 abordar la cuesti\u00f3n de las sanciones contra Siria con miras a &hellip;<\/p>\n","protected":false},"author":31,"featured_media":351315,"comment_status":"closed","ping_status":"closed","sticky":false,"template":"","format":"standard","meta":{"footnotes":""},"categories":[597,467,7541],"tags":[],"class_list":["post-351313","post","type-post","status-publish","format-standard","has-post-thumbnail","","category-cinta-de-noticias","category-siria-y-el-mundo","category-ultimas-noticias"],"_links":{"self":[{"href":"https:\/\/archive.sana.sy\/es\/index.php?rest_route=\/wp\/v2\/posts\/351313"}],"collection":[{"href":"https:\/\/archive.sana.sy\/es\/index.php?rest_route=\/wp\/v2\/posts"}],"about":[{"href":"https:\/\/archive.sana.sy\/es\/index.php?rest_route=\/wp\/v2\/types\/post"}],"author":[{"embeddable":true,"href":"https:\/\/archive.sana.sy\/es\/index.php?rest_route=\/wp\/v2\/users\/31"}],"replies":[{"embeddable":true,"href":"https:\/\/archive.sana.sy\/es\/index.php?rest_route=%2Fwp%2Fv2%2Fcomments&post=351313"}],"version-history":[{"count":1,"href":"https:\/\/archive.sana.sy\/es\/index.php?rest_route=\/wp\/v2\/posts\/351313\/revisions"}],"predecessor-version":[{"id":351316,"href":"https:\/\/archive.sana.sy\/es\/index.php?rest_route=\/wp\/v2\/posts\/351313\/revisions\/351316"}],"wp:featuredmedia":[{"embeddable":true,"href":"https:\/\/archive.sana.sy\/es\/index.php?rest_route=\/wp\/v2\/media\/351315"}],"wp:attachment":[{"href":"https:\/\/archive.sana.sy\/es\/index.php?rest_route=%2Fwp%2Fv2%2Fmedia&parent=351313"}],"wp:term":[{"taxonomy":"category","embeddable":true,"href":"https:\/\/archive.sana.sy\/es\/index.php?rest_route=%2Fwp%2Fv2%2Fcategories&post=351313"},{"taxonomy":"post_tag","embeddable":true,"href":"https:\/\/archive.sana.sy\/es\/index.php?rest_route=%2Fwp%2Fv2%2Ftags&post=351313"}],"curies":[{"name":"wp","href":"https:\/\/api.w.org\/{rel}","templated":true}]}}