{"id":35148,"date":"2015-12-14T17:34:33","date_gmt":"2015-12-14T15:34:33","guid":{"rendered":"http:\/\/sana.sy\/es\/?p=35148"},"modified":"2015-12-14T17:34:33","modified_gmt":"2015-12-14T15:34:33","slug":"lavrov-la-lucha-contra-el-terrorismo-debe-ser-una-prioridad-absoluta-para-todos","status":"publish","type":"post","link":"https:\/\/archive.sana.sy\/es\/?p=35148","title":{"rendered":"Lavrov: La lucha contra el terrorismo debe ser una prioridad absoluta para todos"},"content":{"rendered":"<p>Mosc\u00fa-SANA<\/p>\n<p>El canciller de Rusia <strong>Serguei Lavrov<\/strong> ha hecho hincapi\u00e9 en que todos los pa\u00edses deber\u00edan dar prioridad a la lucha colectiva contra el terrorismo, reiterando su llamamiento a la comunidad internacional para unificarse a fin de hacer frente a las amenazas del terrorismo.<\/p>\n<p>\u00a8Los recientes atentados registrados en el mundo muestran que solo se pueden conseguir \u00e9xitos mediante los esfuerzos conjuntos de la comunidad internacional\u00a8, a\u00f1adi\u00f3\u00a0Lavrov en una intervenci\u00f3n en el foro anual Di\u00e1logo en el nombre del futuro.<\/p>\n<p>El canciller ruso opin\u00f3 que la creaci\u00f3n del grupo internacional de apoyo a Siria constituye un gran \u00e9xito, se\u00f1alando la presencia de una din\u00e1mica positiva en torno a una soluci\u00f3n de la crisis de Siria.<\/p>\n<p>Yamil K.<\/p>\n","protected":false},"excerpt":{"rendered":"<p>Mosc\u00fa-SANA El canciller de Rusia Serguei Lavrov ha hecho hincapi\u00e9 en que todos los pa\u00edses deber\u00edan dar prioridad a la lucha colectiva contra el terrorismo, reiterando su llamamiento a la comunidad internacional para unificarse a fin de hacer frente a las amenazas del terrorismo. \u00a8Los recientes atentados registrados en el mundo muestran que solo se &hellip;<\/p>\n","protected":false},"author":1,"featured_media":35149,"comment_status":"closed","ping_status":"closed","sticky":false,"template":"","format":"standard","meta":{"footnotes":""},"categories":[456,457,576,7541],"tags":[],"class_list":["post-35148","post","type-post","status-publish","format-standard","has-post-thumbnail","","category-arabe-internacional-politica","category-noticias-arabe-internacional-politica","category-noticias-politicas","category-ultimas-noticias"],"_links":{"self":[{"href":"https:\/\/archive.sana.sy\/es\/index.php?rest_route=\/wp\/v2\/posts\/35148"}],"collection":[{"href":"https:\/\/archive.sana.sy\/es\/index.php?rest_route=\/wp\/v2\/posts"}],"about":[{"href":"https:\/\/archive.sana.sy\/es\/index.php?rest_route=\/wp\/v2\/types\/post"}],"author":[{"embeddable":true,"href":"https:\/\/archive.sana.sy\/es\/index.php?rest_route=\/wp\/v2\/users\/1"}],"replies":[{"embeddable":true,"href":"https:\/\/archive.sana.sy\/es\/index.php?rest_route=%2Fwp%2Fv2%2Fcomments&post=35148"}],"version-history":[{"count":0,"href":"https:\/\/archive.sana.sy\/es\/index.php?rest_route=\/wp\/v2\/posts\/35148\/revisions"}],"wp:featuredmedia":[{"embeddable":true,"href":"https:\/\/archive.sana.sy\/es\/index.php?rest_route=\/wp\/v2\/media\/35149"}],"wp:attachment":[{"href":"https:\/\/archive.sana.sy\/es\/index.php?rest_route=%2Fwp%2Fv2%2Fmedia&parent=35148"}],"wp:term":[{"taxonomy":"category","embeddable":true,"href":"https:\/\/archive.sana.sy\/es\/index.php?rest_route=%2Fwp%2Fv2%2Fcategories&post=35148"},{"taxonomy":"post_tag","embeddable":true,"href":"https:\/\/archive.sana.sy\/es\/index.php?rest_route=%2Fwp%2Fv2%2Ftags&post=35148"}],"curies":[{"name":"wp","href":"https:\/\/api.w.org\/{rel}","templated":true}]}}