{"id":351534,"date":"2025-04-23T16:04:13","date_gmt":"2025-04-23T13:04:13","guid":{"rendered":"https:\/\/sana.sy\/es\/?p=351534"},"modified":"2025-04-23T18:21:51","modified_gmt":"2025-04-23T15:21:51","slug":"banco-mundial-reitera-su-disposicion-para-apoyar-la-recuperacion-en-siria","status":"publish","type":"post","link":"https:\/\/archive.sana.sy\/es\/?p=351534","title":{"rendered":"Banco Mundial reitera su disposici\u00f3n para apoyar la recuperaci\u00f3n de Siria"},"content":{"rendered":"<p style=\"text-align: justify\"><span style=\"color: #800000\"><strong>Washington, 23 (SANA)<\/strong><\/span> El vicepresidente del Banco Mundial para la regi\u00f3n de Oriente Medio y el Norte de \u00c1frica, Ousmane Dione, afirm\u00f3 la disposici\u00f3n del banco a apoyar al pueblo sirio en las \u00e1reas de energ\u00eda y tecnolog\u00eda digital.<\/p>\n<p style=\"text-align: justify\">&#8220;Mantuvimos encuentros significativos durante las Reuniones de Primavera del Banco Mundial con el ministro de Finanzas, Mohamad Yeser Barnieh, y el gobernador del Banco Central de Siria, Abdul Qader Hesariyeh, en su primera participaci\u00f3n en m\u00e1s de una d\u00e9cada&#8221;, public\u00f3 Dione en su cuenta en la plataforma X.<\/p>\n<p style=\"text-align: justify\">Indic\u00f3 que se abordaron las \u00e1reas prioritarias para la recuperaci\u00f3n y la reforma en Siria.<\/p>\n<p style=\"text-align: justify\">El ministro de Finanzas sirio hab\u00eda declarado a SANA que el objetivo de participar en las reuniones entre Siria y el Fondo Monetario Internacional y el Banco Mundial es \u201crevitalizar la cooperaci\u00f3n con las instituciones financieras internacionales, abrir canales para obtener apoyo t\u00e9cnico y desarrollar las capacidades del pa\u00eds\u201d.<\/p>\n<p style=\"text-align: justify\">\n","protected":false},"excerpt":{"rendered":"<p>Washington, 23 (SANA) El vicepresidente del Banco Mundial para la regi\u00f3n de Oriente Medio y el Norte de \u00c1frica, Ousmane Dione, afirm\u00f3 la disposici\u00f3n del banco a apoyar al pueblo sirio en las \u00e1reas de energ\u00eda y tecnolog\u00eda digital. &#8220;Mantuvimos encuentros significativos durante las Reuniones de Primavera del Banco Mundial con el ministro de Finanzas, &hellip;<\/p>\n","protected":false},"author":24,"featured_media":351535,"comment_status":"closed","ping_status":"closed","sticky":false,"template":"","format":"standard","meta":{"footnotes":""},"categories":[597,16686,483,485,20724,467,7541],"tags":[],"class_list":["post-351534","post","type-post","status-publish","format-standard","has-post-thumbnail","","category-cinta-de-noticias","category-economia","category-negocios-y-finanzas","category-informes-negocios-y-finanzas","category-minuto-a-minuto","category-siria-y-el-mundo","category-ultimas-noticias"],"_links":{"self":[{"href":"https:\/\/archive.sana.sy\/es\/index.php?rest_route=\/wp\/v2\/posts\/351534"}],"collection":[{"href":"https:\/\/archive.sana.sy\/es\/index.php?rest_route=\/wp\/v2\/posts"}],"about":[{"href":"https:\/\/archive.sana.sy\/es\/index.php?rest_route=\/wp\/v2\/types\/post"}],"author":[{"embeddable":true,"href":"https:\/\/archive.sana.sy\/es\/index.php?rest_route=\/wp\/v2\/users\/24"}],"replies":[{"embeddable":true,"href":"https:\/\/archive.sana.sy\/es\/index.php?rest_route=%2Fwp%2Fv2%2Fcomments&post=351534"}],"version-history":[{"count":2,"href":"https:\/\/archive.sana.sy\/es\/index.php?rest_route=\/wp\/v2\/posts\/351534\/revisions"}],"predecessor-version":[{"id":351537,"href":"https:\/\/archive.sana.sy\/es\/index.php?rest_route=\/wp\/v2\/posts\/351534\/revisions\/351537"}],"wp:featuredmedia":[{"embeddable":true,"href":"https:\/\/archive.sana.sy\/es\/index.php?rest_route=\/wp\/v2\/media\/351535"}],"wp:attachment":[{"href":"https:\/\/archive.sana.sy\/es\/index.php?rest_route=%2Fwp%2Fv2%2Fmedia&parent=351534"}],"wp:term":[{"taxonomy":"category","embeddable":true,"href":"https:\/\/archive.sana.sy\/es\/index.php?rest_route=%2Fwp%2Fv2%2Fcategories&post=351534"},{"taxonomy":"post_tag","embeddable":true,"href":"https:\/\/archive.sana.sy\/es\/index.php?rest_route=%2Fwp%2Fv2%2Ftags&post=351534"}],"curies":[{"name":"wp","href":"https:\/\/api.w.org\/{rel}","templated":true}]}}