{"id":351538,"date":"2025-04-23T16:17:15","date_gmt":"2025-04-23T13:17:15","guid":{"rendered":"https:\/\/sana.sy\/es\/?p=351538"},"modified":"2025-04-23T16:17:15","modified_gmt":"2025-04-23T13:17:15","slug":"el-presidente-de-la-republica-ahmad-al-sharaa-recibio-en-el-palacio-del-pueblo-de-damasco-a-una-delegacion-del-reino-hachemita-de-jordania-integrada-por-empresarios-jordanos-y-sirios","status":"publish","type":"post","link":"https:\/\/archive.sana.sy\/es\/?p=351538","title":{"rendered":"El presidente de la Rep\u00fablica, Ahmad Al-Sharaa, recibi\u00f3 en el Palacio del Pueblo de Damasco a una delegaci\u00f3n del Reino Hachemita de Jordania integrada por empresarios jordanos y sirios."},"content":{"rendered":"","protected":false},"excerpt":{"rendered":"","protected":false},"author":24,"featured_media":0,"comment_status":"closed","ping_status":"closed","sticky":false,"template":"","format":"standard","meta":{"footnotes":""},"categories":[20724],"tags":[],"class_list":["post-351538","post","type-post","status-publish","format-standard","","category-minuto-a-minuto"],"_links":{"self":[{"href":"https:\/\/archive.sana.sy\/es\/index.php?rest_route=\/wp\/v2\/posts\/351538"}],"collection":[{"href":"https:\/\/archive.sana.sy\/es\/index.php?rest_route=\/wp\/v2\/posts"}],"about":[{"href":"https:\/\/archive.sana.sy\/es\/index.php?rest_route=\/wp\/v2\/types\/post"}],"author":[{"embeddable":true,"href":"https:\/\/archive.sana.sy\/es\/index.php?rest_route=\/wp\/v2\/users\/24"}],"replies":[{"embeddable":true,"href":"https:\/\/archive.sana.sy\/es\/index.php?rest_route=%2Fwp%2Fv2%2Fcomments&post=351538"}],"version-history":[{"count":1,"href":"https:\/\/archive.sana.sy\/es\/index.php?rest_route=\/wp\/v2\/posts\/351538\/revisions"}],"predecessor-version":[{"id":351539,"href":"https:\/\/archive.sana.sy\/es\/index.php?rest_route=\/wp\/v2\/posts\/351538\/revisions\/351539"}],"wp:attachment":[{"href":"https:\/\/archive.sana.sy\/es\/index.php?rest_route=%2Fwp%2Fv2%2Fmedia&parent=351538"}],"wp:term":[{"taxonomy":"category","embeddable":true,"href":"https:\/\/archive.sana.sy\/es\/index.php?rest_route=%2Fwp%2Fv2%2Fcategories&post=351538"},{"taxonomy":"post_tag","embeddable":true,"href":"https:\/\/archive.sana.sy\/es\/index.php?rest_route=%2Fwp%2Fv2%2Ftags&post=351538"}],"curies":[{"name":"wp","href":"https:\/\/api.w.org\/{rel}","templated":true}]}}