{"id":351540,"date":"2025-04-23T16:29:42","date_gmt":"2025-04-23T13:29:42","guid":{"rendered":"https:\/\/sana.sy\/es\/?p=351540"},"modified":"2025-04-23T16:29:42","modified_gmt":"2025-04-23T13:29:42","slug":"un-terremoto-de-magnitud-62-sacude-turquia","status":"publish","type":"post","link":"https:\/\/archive.sana.sy\/es\/?p=351540","title":{"rendered":"Un terremoto de magnitud 6,2 sacude Turqu\u00eda"},"content":{"rendered":"<p style=\"text-align: justify\"><span style=\"color: #800000\"><strong>Ankara, 23 abr (SANA)<\/strong> <\/span>Un poderoso terremoto de magnitud 6,2 sacudi\u00f3 Turqu\u00eda este mi\u00e9rcoles, con epicentro en el distrito de Silivri en el norte Estambul, seg\u00fan inform\u00f3 la Autoridad de Gesti\u00f3n de Desastres y Emergencias del pa\u00eds (AFAD).<\/p>\n<p style=\"text-align: justify\">El gobernador de Estambul inform\u00f3 que hasta el momento no se han recibido informes de colapso de edificio.<\/p>\n<p style=\"text-align: justify\">A su vez, el presidente turco, Recep Tayyip Erdogan, extendi\u00f3 sus mejores deseos a los ciudadanos, asegurando que est\u00e1 siguiendo de cerca los acontecimientos.<\/p>\n<p style=\"text-align: justify\">La AFAD ha registrado hasta el momento tres r\u00e9plicas en el Mar de M\u00e1rmara, con magnitudes de 4,4, 4,5 y 4,9, y una profundidad de m\u00e1s de 7 kil\u00f3metros.<\/p>\n","protected":false},"excerpt":{"rendered":"<p>Ankara, 23 abr (SANA) Un poderoso terremoto de magnitud 6,2 sacudi\u00f3 Turqu\u00eda este mi\u00e9rcoles, con epicentro en el distrito de Silivri en el norte Estambul, seg\u00fan inform\u00f3 la Autoridad de Gesti\u00f3n de Desastres y Emergencias del pa\u00eds (AFAD). El gobernador de Estambul inform\u00f3 que hasta el momento no se han recibido informes de colapso de &hellip;<\/p>\n","protected":false},"author":24,"featured_media":351541,"comment_status":"closed","ping_status":"closed","sticky":false,"template":"","format":"standard","meta":{"footnotes":""},"categories":[597,456,20724,7541],"tags":[],"class_list":["post-351540","post","type-post","status-publish","format-standard","has-post-thumbnail","","category-cinta-de-noticias","category-arabe-internacional-politica","category-minuto-a-minuto","category-ultimas-noticias"],"_links":{"self":[{"href":"https:\/\/archive.sana.sy\/es\/index.php?rest_route=\/wp\/v2\/posts\/351540"}],"collection":[{"href":"https:\/\/archive.sana.sy\/es\/index.php?rest_route=\/wp\/v2\/posts"}],"about":[{"href":"https:\/\/archive.sana.sy\/es\/index.php?rest_route=\/wp\/v2\/types\/post"}],"author":[{"embeddable":true,"href":"https:\/\/archive.sana.sy\/es\/index.php?rest_route=\/wp\/v2\/users\/24"}],"replies":[{"embeddable":true,"href":"https:\/\/archive.sana.sy\/es\/index.php?rest_route=%2Fwp%2Fv2%2Fcomments&post=351540"}],"version-history":[{"count":1,"href":"https:\/\/archive.sana.sy\/es\/index.php?rest_route=\/wp\/v2\/posts\/351540\/revisions"}],"predecessor-version":[{"id":351542,"href":"https:\/\/archive.sana.sy\/es\/index.php?rest_route=\/wp\/v2\/posts\/351540\/revisions\/351542"}],"wp:featuredmedia":[{"embeddable":true,"href":"https:\/\/archive.sana.sy\/es\/index.php?rest_route=\/wp\/v2\/media\/351541"}],"wp:attachment":[{"href":"https:\/\/archive.sana.sy\/es\/index.php?rest_route=%2Fwp%2Fv2%2Fmedia&parent=351540"}],"wp:term":[{"taxonomy":"category","embeddable":true,"href":"https:\/\/archive.sana.sy\/es\/index.php?rest_route=%2Fwp%2Fv2%2Fcategories&post=351540"},{"taxonomy":"post_tag","embeddable":true,"href":"https:\/\/archive.sana.sy\/es\/index.php?rest_route=%2Fwp%2Fv2%2Ftags&post=351540"}],"curies":[{"name":"wp","href":"https:\/\/api.w.org\/{rel}","templated":true}]}}