{"id":351561,"date":"2025-04-23T16:51:15","date_gmt":"2025-04-23T13:51:15","guid":{"rendered":"https:\/\/sana.sy\/es\/?p=351561"},"modified":"2025-04-23T16:51:15","modified_gmt":"2025-04-23T13:51:15","slug":"presidente-al-sharaa-recibe-a-empresarios-jordanos-y-sirios","status":"publish","type":"post","link":"https:\/\/archive.sana.sy\/es\/?p=351561","title":{"rendered":"Presidente al-Sharaa recibe a empresarios jordanos y sirios"},"content":{"rendered":"<p style=\"text-align: justify\"><span style=\"color: #800000\"><strong>Damasco, 23 abr (SANA)<\/strong> <\/span>El presidente de la Rep\u00fablica, Ahmad Al-Sharaa, recibi\u00f3 en el Palacio del Pueblo de Damasco a una delegaci\u00f3n del Reino Hachemita de Jordania.<\/p>\n<p style=\"text-align: justify\">La delegaci\u00f3n fue integrada por empresarios jordanos y sirios.<\/p>\n<p><img loading=\"lazy\" decoding=\"async\" class=\"size-large wp-image-351563 aligncenter\" src=\"http:\/\/sana.sy\/es\/wp-content\/uploads\/2025\/04\/presidente-al-Sharaa-2-1024x575.jpg\" alt=\"\" width=\"618\" height=\"347\" srcset=\"https:\/\/archive.sana.sy\/es\/wp-content\/uploads\/2025\/04\/presidente-al-Sharaa-2-1024x575.jpg 1024w, https:\/\/archive.sana.sy\/es\/wp-content\/uploads\/2025\/04\/presidente-al-Sharaa-2-300x168.jpg 300w, https:\/\/archive.sana.sy\/es\/wp-content\/uploads\/2025\/04\/presidente-al-Sharaa-2-150x84.jpg 150w, https:\/\/archive.sana.sy\/es\/wp-content\/uploads\/2025\/04\/presidente-al-Sharaa-2-768x431.jpg 768w, https:\/\/archive.sana.sy\/es\/wp-content\/uploads\/2025\/04\/presidente-al-Sharaa-2-1536x862.jpg 1536w, https:\/\/archive.sana.sy\/es\/wp-content\/uploads\/2025\/04\/presidente-al-Sharaa-2-2048x1150.jpg 2048w\" sizes=\"(max-width: 618px) 100vw, 618px\" \/><\/p>\n","protected":false},"excerpt":{"rendered":"<p>Damasco, 23 abr (SANA) El presidente de la Rep\u00fablica, Ahmad Al-Sharaa, recibi\u00f3 en el Palacio del Pueblo de Damasco a una delegaci\u00f3n del Reino Hachemita de Jordania. La delegaci\u00f3n fue integrada por empresarios jordanos y sirios.<\/p>\n","protected":false},"author":24,"featured_media":351562,"comment_status":"closed","ping_status":"closed","sticky":false,"template":"","format":"standard","meta":{"footnotes":""},"categories":[447,597,476,448,583],"tags":[],"class_list":["post-351561","post","type-post","status-publish","format-standard","has-post-thumbnail","","category-local-politica","category-cinta-de-noticias","category-locales","category-noticias","category-slide"],"_links":{"self":[{"href":"https:\/\/archive.sana.sy\/es\/index.php?rest_route=\/wp\/v2\/posts\/351561"}],"collection":[{"href":"https:\/\/archive.sana.sy\/es\/index.php?rest_route=\/wp\/v2\/posts"}],"about":[{"href":"https:\/\/archive.sana.sy\/es\/index.php?rest_route=\/wp\/v2\/types\/post"}],"author":[{"embeddable":true,"href":"https:\/\/archive.sana.sy\/es\/index.php?rest_route=\/wp\/v2\/users\/24"}],"replies":[{"embeddable":true,"href":"https:\/\/archive.sana.sy\/es\/index.php?rest_route=%2Fwp%2Fv2%2Fcomments&post=351561"}],"version-history":[{"count":1,"href":"https:\/\/archive.sana.sy\/es\/index.php?rest_route=\/wp\/v2\/posts\/351561\/revisions"}],"predecessor-version":[{"id":351564,"href":"https:\/\/archive.sana.sy\/es\/index.php?rest_route=\/wp\/v2\/posts\/351561\/revisions\/351564"}],"wp:featuredmedia":[{"embeddable":true,"href":"https:\/\/archive.sana.sy\/es\/index.php?rest_route=\/wp\/v2\/media\/351562"}],"wp:attachment":[{"href":"https:\/\/archive.sana.sy\/es\/index.php?rest_route=%2Fwp%2Fv2%2Fmedia&parent=351561"}],"wp:term":[{"taxonomy":"category","embeddable":true,"href":"https:\/\/archive.sana.sy\/es\/index.php?rest_route=%2Fwp%2Fv2%2Fcategories&post=351561"},{"taxonomy":"post_tag","embeddable":true,"href":"https:\/\/archive.sana.sy\/es\/index.php?rest_route=%2Fwp%2Fv2%2Ftags&post=351561"}],"curies":[{"name":"wp","href":"https:\/\/api.w.org\/{rel}","templated":true}]}}