{"id":351575,"date":"2025-04-23T19:20:09","date_gmt":"2025-04-23T16:20:09","guid":{"rendered":"https:\/\/sana.sy\/es\/?p=351575"},"modified":"2025-04-23T19:20:09","modified_gmt":"2025-04-23T16:20:09","slug":"ministro-de-defensa-recibe-a-una-delegacion-militar-jordana-de-alto-nivel","status":"publish","type":"post","link":"https:\/\/archive.sana.sy\/es\/?p=351575","title":{"rendered":"Ministro de Defensa recibe a una delegaci\u00f3n militar jordana de alto nivel"},"content":{"rendered":"<p style=\"text-align: justify\"><span style=\"color: #800000\"><strong>Damasco, 23 abr (SANA)<\/strong> <\/span>El Ministro de Defensa, Mayor General Murhaf Abu Qasra, recibi\u00f3 a una delegaci\u00f3n militar de alto nivel del Reino Hachemita de Jordania, encabezada por el general Yousef Huneiti, Jefe del Estado Mayor Conjunto.<\/p>\n<p style=\"text-align: justify\">El encuentro cont\u00f3 con la asistencia del Jefe del Estado Mayor General del Ej\u00e9rcito \u00c1rabe Sirio, general Ali al-Naasan, y tiene como objetivo fortalecer la cooperaci\u00f3n entre Siria y Jordania.<\/p>\n<div id='gallery-1' class='gallery galleryid-351575 gallery-columns-1 gallery-size-full'><figure class='gallery-item'>\n\t\t\t<div class='gallery-icon landscape'>\n\t\t\t\t<a href='https:\/\/archive.sana.sy\/es\/wp-content\/uploads\/2025\/04\/Ministro-de-Defensa-recibe-a-una-delegacion-militar-de-alto-nivel-de-Jordania-000.jpg'><img loading=\"lazy\" decoding=\"async\" width=\"660\" height=\"371\" src=\"https:\/\/archive.sana.sy\/es\/wp-content\/uploads\/2025\/04\/Ministro-de-Defensa-recibe-a-una-delegacion-militar-de-alto-nivel-de-Jordania-000.jpg\" class=\"attachment-full size-full\" alt=\"\" srcset=\"https:\/\/archive.sana.sy\/es\/wp-content\/uploads\/2025\/04\/Ministro-de-Defensa-recibe-a-una-delegacion-militar-de-alto-nivel-de-Jordania-000.jpg 660w, https:\/\/archive.sana.sy\/es\/wp-content\/uploads\/2025\/04\/Ministro-de-Defensa-recibe-a-una-delegacion-militar-de-alto-nivel-de-Jordania-000-300x169.jpg 300w, https:\/\/archive.sana.sy\/es\/wp-content\/uploads\/2025\/04\/Ministro-de-Defensa-recibe-a-una-delegacion-militar-de-alto-nivel-de-Jordania-000-150x84.jpg 150w\" sizes=\"(max-width: 660px) 100vw, 660px\" \/><\/a>\n\t\t\t<\/div><\/figure><figure class='gallery-item'>\n\t\t\t<div class='gallery-icon landscape'>\n\t\t\t\t<a href='https:\/\/archive.sana.sy\/es\/wp-content\/uploads\/2025\/04\/Ministro-de-Defensa-recibe-a-una-delegacion-militar-de-alto-nivel-de-Jordania-22.jpg'><img loading=\"lazy\" decoding=\"async\" width=\"660\" height=\"440\" src=\"https:\/\/archive.sana.sy\/es\/wp-content\/uploads\/2025\/04\/Ministro-de-Defensa-recibe-a-una-delegacion-militar-de-alto-nivel-de-Jordania-22.jpg\" class=\"attachment-full size-full\" alt=\"\" srcset=\"https:\/\/archive.sana.sy\/es\/wp-content\/uploads\/2025\/04\/Ministro-de-Defensa-recibe-a-una-delegacion-militar-de-alto-nivel-de-Jordania-22.jpg 660w, https:\/\/archive.sana.sy\/es\/wp-content\/uploads\/2025\/04\/Ministro-de-Defensa-recibe-a-una-delegacion-militar-de-alto-nivel-de-Jordania-22-300x200.jpg 300w, https:\/\/archive.sana.sy\/es\/wp-content\/uploads\/2025\/04\/Ministro-de-Defensa-recibe-a-una-delegacion-militar-de-alto-nivel-de-Jordania-22-150x100.jpg 150w\" sizes=\"(max-width: 660px) 100vw, 660px\" \/><\/a>\n\t\t\t<\/div><\/figure><figure class='gallery-item'>\n\t\t\t<div class='gallery-icon landscape'>\n\t\t\t\t<a href='https:\/\/archive.sana.sy\/es\/wp-content\/uploads\/2025\/04\/Ministro-de-Defensa-recibe-a-una-delegacion-militar-de-alto-nivel-de-Jordania-44.jpg'><img loading=\"lazy\" decoding=\"async\" width=\"660\" height=\"440\" src=\"https:\/\/archive.sana.sy\/es\/wp-content\/uploads\/2025\/04\/Ministro-de-Defensa-recibe-a-una-delegacion-militar-de-alto-nivel-de-Jordania-44.jpg\" class=\"attachment-full size-full\" alt=\"\" srcset=\"https:\/\/archive.sana.sy\/es\/wp-content\/uploads\/2025\/04\/Ministro-de-Defensa-recibe-a-una-delegacion-militar-de-alto-nivel-de-Jordania-44.jpg 660w, https:\/\/archive.sana.sy\/es\/wp-content\/uploads\/2025\/04\/Ministro-de-Defensa-recibe-a-una-delegacion-militar-de-alto-nivel-de-Jordania-44-300x200.jpg 300w, https:\/\/archive.sana.sy\/es\/wp-content\/uploads\/2025\/04\/Ministro-de-Defensa-recibe-a-una-delegacion-militar-de-alto-nivel-de-Jordania-44-150x100.jpg 150w\" sizes=\"(max-width: 660px) 100vw, 660px\" \/><\/a>\n\t\t\t<\/div><\/figure><figure class='gallery-item'>\n\t\t\t<div class='gallery-icon landscape'>\n\t\t\t\t<a href='https:\/\/archive.sana.sy\/es\/wp-content\/uploads\/2025\/04\/Ministro-de-Defensa-recibe-a-una-delegacion-militar-de-alto-nivel-de-Jordania-88.jpg'><img loading=\"lazy\" decoding=\"async\" width=\"660\" height=\"440\" src=\"https:\/\/archive.sana.sy\/es\/wp-content\/uploads\/2025\/04\/Ministro-de-Defensa-recibe-a-una-delegacion-militar-de-alto-nivel-de-Jordania-88.jpg\" class=\"attachment-full size-full\" alt=\"\" srcset=\"https:\/\/archive.sana.sy\/es\/wp-content\/uploads\/2025\/04\/Ministro-de-Defensa-recibe-a-una-delegacion-militar-de-alto-nivel-de-Jordania-88.jpg 660w, https:\/\/archive.sana.sy\/es\/wp-content\/uploads\/2025\/04\/Ministro-de-Defensa-recibe-a-una-delegacion-militar-de-alto-nivel-de-Jordania-88-300x200.jpg 300w, https:\/\/archive.sana.sy\/es\/wp-content\/uploads\/2025\/04\/Ministro-de-Defensa-recibe-a-una-delegacion-militar-de-alto-nivel-de-Jordania-88-150x100.jpg 150w\" sizes=\"(max-width: 660px) 100vw, 660px\" \/><\/a>\n\t\t\t<\/div><\/figure><figure class='gallery-item'>\n\t\t\t<div class='gallery-icon landscape'>\n\t\t\t\t<a href='https:\/\/archive.sana.sy\/es\/wp-content\/uploads\/2025\/04\/Ministro-de-Defensa-recibe-a-una-delegacion-militar-de-alto-nivel-de-Jordania-66.jpg'><img loading=\"lazy\" decoding=\"async\" width=\"660\" height=\"440\" src=\"https:\/\/archive.sana.sy\/es\/wp-content\/uploads\/2025\/04\/Ministro-de-Defensa-recibe-a-una-delegacion-militar-de-alto-nivel-de-Jordania-66.jpg\" class=\"attachment-full size-full\" alt=\"\" srcset=\"https:\/\/archive.sana.sy\/es\/wp-content\/uploads\/2025\/04\/Ministro-de-Defensa-recibe-a-una-delegacion-militar-de-alto-nivel-de-Jordania-66.jpg 660w, https:\/\/archive.sana.sy\/es\/wp-content\/uploads\/2025\/04\/Ministro-de-Defensa-recibe-a-una-delegacion-militar-de-alto-nivel-de-Jordania-66-300x200.jpg 300w, https:\/\/archive.sana.sy\/es\/wp-content\/uploads\/2025\/04\/Ministro-de-Defensa-recibe-a-una-delegacion-militar-de-alto-nivel-de-Jordania-66-150x100.jpg 150w\" sizes=\"(max-width: 660px) 100vw, 660px\" \/><\/a>\n\t\t\t<\/div><\/figure><figure class='gallery-item'>\n\t\t\t<div class='gallery-icon landscape'>\n\t\t\t\t<a href='https:\/\/archive.sana.sy\/es\/wp-content\/uploads\/2025\/04\/Ministro-de-Defensa-recibe-a-una-delegacion-militar-de-alto-nivel-de-Jordania11.jpg'><img loading=\"lazy\" decoding=\"async\" width=\"660\" height=\"440\" src=\"https:\/\/archive.sana.sy\/es\/wp-content\/uploads\/2025\/04\/Ministro-de-Defensa-recibe-a-una-delegacion-militar-de-alto-nivel-de-Jordania11.jpg\" class=\"attachment-full size-full\" alt=\"\" srcset=\"https:\/\/archive.sana.sy\/es\/wp-content\/uploads\/2025\/04\/Ministro-de-Defensa-recibe-a-una-delegacion-militar-de-alto-nivel-de-Jordania11.jpg 660w, https:\/\/archive.sana.sy\/es\/wp-content\/uploads\/2025\/04\/Ministro-de-Defensa-recibe-a-una-delegacion-militar-de-alto-nivel-de-Jordania11-300x200.jpg 300w, https:\/\/archive.sana.sy\/es\/wp-content\/uploads\/2025\/04\/Ministro-de-Defensa-recibe-a-una-delegacion-militar-de-alto-nivel-de-Jordania11-150x100.jpg 150w\" sizes=\"(max-width: 660px) 100vw, 660px\" \/><\/a>\n\t\t\t<\/div><\/figure><figure class='gallery-item'>\n\t\t\t<div class='gallery-icon landscape'>\n\t\t\t\t<a href='https:\/\/archive.sana.sy\/es\/wp-content\/uploads\/2025\/04\/Ministro-de-Defensa-recibe-a-una-delegacion-militar-de-alto-nivel-de-Jordania-99.jpg'><img loading=\"lazy\" decoding=\"async\" width=\"660\" height=\"440\" src=\"https:\/\/archive.sana.sy\/es\/wp-content\/uploads\/2025\/04\/Ministro-de-Defensa-recibe-a-una-delegacion-militar-de-alto-nivel-de-Jordania-99.jpg\" class=\"attachment-full size-full\" alt=\"\" srcset=\"https:\/\/archive.sana.sy\/es\/wp-content\/uploads\/2025\/04\/Ministro-de-Defensa-recibe-a-una-delegacion-militar-de-alto-nivel-de-Jordania-99.jpg 660w, https:\/\/archive.sana.sy\/es\/wp-content\/uploads\/2025\/04\/Ministro-de-Defensa-recibe-a-una-delegacion-militar-de-alto-nivel-de-Jordania-99-300x200.jpg 300w, https:\/\/archive.sana.sy\/es\/wp-content\/uploads\/2025\/04\/Ministro-de-Defensa-recibe-a-una-delegacion-militar-de-alto-nivel-de-Jordania-99-150x100.jpg 150w\" sizes=\"(max-width: 660px) 100vw, 660px\" \/><\/a>\n\t\t\t<\/div><\/figure><figure class='gallery-item'>\n\t\t\t<div class='gallery-icon landscape'>\n\t\t\t\t<a href='https:\/\/archive.sana.sy\/es\/wp-content\/uploads\/2025\/04\/Ministro-de-Defensa-recibe-a-una-delegacion-militar-de-alto-nivel-de-Jordania-33.jpg'><img loading=\"lazy\" decoding=\"async\" width=\"660\" height=\"440\" src=\"https:\/\/archive.sana.sy\/es\/wp-content\/uploads\/2025\/04\/Ministro-de-Defensa-recibe-a-una-delegacion-militar-de-alto-nivel-de-Jordania-33.jpg\" class=\"attachment-full size-full\" alt=\"\" srcset=\"https:\/\/archive.sana.sy\/es\/wp-content\/uploads\/2025\/04\/Ministro-de-Defensa-recibe-a-una-delegacion-militar-de-alto-nivel-de-Jordania-33.jpg 660w, https:\/\/archive.sana.sy\/es\/wp-content\/uploads\/2025\/04\/Ministro-de-Defensa-recibe-a-una-delegacion-militar-de-alto-nivel-de-Jordania-33-300x200.jpg 300w, https:\/\/archive.sana.sy\/es\/wp-content\/uploads\/2025\/04\/Ministro-de-Defensa-recibe-a-una-delegacion-militar-de-alto-nivel-de-Jordania-33-150x100.jpg 150w\" sizes=\"(max-width: 660px) 100vw, 660px\" \/><\/a>\n\t\t\t<\/div><\/figure><figure class='gallery-item'>\n\t\t\t<div class='gallery-icon landscape'>\n\t\t\t\t<a href='https:\/\/archive.sana.sy\/es\/wp-content\/uploads\/2025\/04\/Ministro-de-Defensa-recibe-a-una-delegacion-militar-de-alto-nivel-de-Jordania-55.jpg'><img loading=\"lazy\" decoding=\"async\" width=\"660\" height=\"440\" src=\"https:\/\/archive.sana.sy\/es\/wp-content\/uploads\/2025\/04\/Ministro-de-Defensa-recibe-a-una-delegacion-militar-de-alto-nivel-de-Jordania-55.jpg\" class=\"attachment-full size-full\" alt=\"\" srcset=\"https:\/\/archive.sana.sy\/es\/wp-content\/uploads\/2025\/04\/Ministro-de-Defensa-recibe-a-una-delegacion-militar-de-alto-nivel-de-Jordania-55.jpg 660w, https:\/\/archive.sana.sy\/es\/wp-content\/uploads\/2025\/04\/Ministro-de-Defensa-recibe-a-una-delegacion-militar-de-alto-nivel-de-Jordania-55-300x200.jpg 300w, https:\/\/archive.sana.sy\/es\/wp-content\/uploads\/2025\/04\/Ministro-de-Defensa-recibe-a-una-delegacion-militar-de-alto-nivel-de-Jordania-55-150x100.jpg 150w\" sizes=\"(max-width: 660px) 100vw, 660px\" \/><\/a>\n\t\t\t<\/div><\/figure>\n\t\t<\/div>\n\n","protected":false},"excerpt":{"rendered":"<p>Damasco, 23 abr (SANA) El Ministro de Defensa, Mayor General Murhaf Abu Qasra, recibi\u00f3 a una delegaci\u00f3n militar de alto nivel del Reino Hachemita de Jordania, encabezada por el general Yousef Huneiti, Jefe del Estado Mayor Conjunto. El encuentro cont\u00f3 con la asistencia del Jefe del Estado Mayor General del Ej\u00e9rcito \u00c1rabe Sirio, general Ali &hellip;<\/p>\n","protected":false},"author":24,"featured_media":351576,"comment_status":"closed","ping_status":"closed","sticky":false,"template":"","format":"standard","meta":{"footnotes":""},"categories":[597,20724,476,467,7541],"tags":[],"class_list":["post-351575","post","type-post","status-publish","format-standard","has-post-thumbnail","","category-cinta-de-noticias","category-minuto-a-minuto","category-locales","category-siria-y-el-mundo","category-ultimas-noticias"],"_links":{"self":[{"href":"https:\/\/archive.sana.sy\/es\/index.php?rest_route=\/wp\/v2\/posts\/351575"}],"collection":[{"href":"https:\/\/archive.sana.sy\/es\/index.php?rest_route=\/wp\/v2\/posts"}],"about":[{"href":"https:\/\/archive.sana.sy\/es\/index.php?rest_route=\/wp\/v2\/types\/post"}],"author":[{"embeddable":true,"href":"https:\/\/archive.sana.sy\/es\/index.php?rest_route=\/wp\/v2\/users\/24"}],"replies":[{"embeddable":true,"href":"https:\/\/archive.sana.sy\/es\/index.php?rest_route=%2Fwp%2Fv2%2Fcomments&post=351575"}],"version-history":[{"count":1,"href":"https:\/\/archive.sana.sy\/es\/index.php?rest_route=\/wp\/v2\/posts\/351575\/revisions"}],"predecessor-version":[{"id":351587,"href":"https:\/\/archive.sana.sy\/es\/index.php?rest_route=\/wp\/v2\/posts\/351575\/revisions\/351587"}],"wp:featuredmedia":[{"embeddable":true,"href":"https:\/\/archive.sana.sy\/es\/index.php?rest_route=\/wp\/v2\/media\/351576"}],"wp:attachment":[{"href":"https:\/\/archive.sana.sy\/es\/index.php?rest_route=%2Fwp%2Fv2%2Fmedia&parent=351575"}],"wp:term":[{"taxonomy":"category","embeddable":true,"href":"https:\/\/archive.sana.sy\/es\/index.php?rest_route=%2Fwp%2Fv2%2Fcategories&post=351575"},{"taxonomy":"post_tag","embeddable":true,"href":"https:\/\/archive.sana.sy\/es\/index.php?rest_route=%2Fwp%2Fv2%2Ftags&post=351575"}],"curies":[{"name":"wp","href":"https:\/\/api.w.org\/{rel}","templated":true}]}}