{"id":35159,"date":"2015-12-14T14:33:54","date_gmt":"2015-12-14T12:33:54","guid":{"rendered":"http:\/\/sana.sy\/es\/?p=35159"},"modified":"2015-12-14T20:43:20","modified_gmt":"2015-12-14T18:43:20","slug":"o-brien-la-importancia-de-hacer-llegar-la-ayuda-a-todos-los-afectado","status":"publish","type":"post","link":"https:\/\/archive.sana.sy\/es\/?p=35159","title":{"rendered":"O Brien: la importancia de hacer llegar la ayuda a todos los afectados"},"content":{"rendered":"<p>Damasco-SANA<\/p>\n<p>El vicesecretario general de Naciones Unidas para asuntos humanitarios, Stephan O Brien, concluy\u00f3 su visita de tres d\u00edas a Siria, luego de sostener conversaciones con numerosos responsables del gobierno sirio.<\/p>\n<p>En una rueda de prensa que celebr\u00f3 en Damasco, al t\u00e9rmino de su visita, O Brien, afirm\u00f3 que muchos sirios no reciben ayuda humanitaria y siguen sufriendo de las secuelas de la guerra, se\u00f1alando la importancia de hacer llegar la ayuda a todos los que la necesitan sin esperar ning\u00fan tipo de acuerdos o treguas.<\/p>\n<p>De igual modo, el funcionario internacional dijo que la ONU y sus socios han establecido el plan de respuesta humanitaria para el a\u00f1o 2016, cuyo presupuesto se estima en 3,2 mil millones de d\u00f3lares y que el mismo est\u00e1 destinado para proporcionar ayudar a 13,5 millones de sirios.<\/p>\n<p>Yamil K.<\/p>\n","protected":false},"excerpt":{"rendered":"<p>Damasco-SANA El vicesecretario general de Naciones Unidas para asuntos humanitarios, Stephan O Brien, concluy\u00f3 su visita de tres d\u00edas a Siria, luego de sostener conversaciones con numerosos responsables del gobierno sirio. En una rueda de prensa que celebr\u00f3 en Damasco, al t\u00e9rmino de su visita, O Brien, afirm\u00f3 que muchos sirios no reciben ayuda humanitaria &hellip;<\/p>\n","protected":false},"author":1,"featured_media":35160,"comment_status":"closed","ping_status":"closed","sticky":false,"template":"","format":"standard","meta":{"footnotes":""},"categories":[477,457,576,7541],"tags":[],"class_list":["post-35159","post","type-post","status-publish","format-standard","has-post-thumbnail","","category-noticias-edulcorantes","category-noticias-arabe-internacional-politica","category-noticias-politicas","category-ultimas-noticias"],"_links":{"self":[{"href":"https:\/\/archive.sana.sy\/es\/index.php?rest_route=\/wp\/v2\/posts\/35159"}],"collection":[{"href":"https:\/\/archive.sana.sy\/es\/index.php?rest_route=\/wp\/v2\/posts"}],"about":[{"href":"https:\/\/archive.sana.sy\/es\/index.php?rest_route=\/wp\/v2\/types\/post"}],"author":[{"embeddable":true,"href":"https:\/\/archive.sana.sy\/es\/index.php?rest_route=\/wp\/v2\/users\/1"}],"replies":[{"embeddable":true,"href":"https:\/\/archive.sana.sy\/es\/index.php?rest_route=%2Fwp%2Fv2%2Fcomments&post=35159"}],"version-history":[{"count":0,"href":"https:\/\/archive.sana.sy\/es\/index.php?rest_route=\/wp\/v2\/posts\/35159\/revisions"}],"wp:featuredmedia":[{"embeddable":true,"href":"https:\/\/archive.sana.sy\/es\/index.php?rest_route=\/wp\/v2\/media\/35160"}],"wp:attachment":[{"href":"https:\/\/archive.sana.sy\/es\/index.php?rest_route=%2Fwp%2Fv2%2Fmedia&parent=35159"}],"wp:term":[{"taxonomy":"category","embeddable":true,"href":"https:\/\/archive.sana.sy\/es\/index.php?rest_route=%2Fwp%2Fv2%2Fcategories&post=35159"},{"taxonomy":"post_tag","embeddable":true,"href":"https:\/\/archive.sana.sy\/es\/index.php?rest_route=%2Fwp%2Fv2%2Ftags&post=35159"}],"curies":[{"name":"wp","href":"https:\/\/api.w.org\/{rel}","templated":true}]}}