{"id":351593,"date":"2025-04-24T08:22:36","date_gmt":"2025-04-24T05:22:36","guid":{"rendered":"https:\/\/sana.sy\/es\/?p=351593"},"modified":"2025-04-24T08:22:36","modified_gmt":"2025-04-24T05:22:36","slug":"presidente-sirio-ofrece-condolencias-por-la-partida-del-papa-francisco","status":"publish","type":"post","link":"https:\/\/archive.sana.sy\/es\/?p=351593","title":{"rendered":"Presidente sirio ofrece condolencias por la partida del Papa Francisco"},"content":{"rendered":"<p style=\"text-align: justify;\"><span style=\"color: #800000;\"><strong>Damasco, 24 abr (SANA)<\/strong><\/span> El presidente sirio Ahmed Al-Shara ofreci\u00f3 las condolencias por el fallecimiento del Papa Francisco.<\/p>\n<p style=\"text-align: justify;\">&#8220;Extiendo mis condolencias a la comunidad cat\u00f3lica romana para la partida del Sumo Pont\u00edfice&#8221;, dijo el presidente en un mensaje.<\/p>\n<p style=\"text-align: justify;\">A lo largo de los a\u00f1os, el Papa Francisco ha estado el lado del pueblo sirio en los tiempos m\u00e1s oscuros, y levant\u00f3 constantemente la voz contra la violencia y la injusticia que afect\u00f3 a los sirios.<\/p>\n<p style=\"text-align: justify;\">Sus llamadas han traspasado las fronteras pol\u00edticas, y su legado moral y de solidaridad permanecer\u00e1 vivo en los corazones de muchos sirios.<\/p>\n","protected":false},"excerpt":{"rendered":"<p>Damasco, 24 abr (SANA) El presidente sirio Ahmed Al-Shara ofreci\u00f3 las condolencias por el fallecimiento del Papa Francisco. &#8220;Extiendo mis condolencias a la comunidad cat\u00f3lica romana para la partida del Sumo Pont\u00edfice&#8221;, dijo el presidente en un mensaje. A lo largo de los a\u00f1os, el Papa Francisco ha estado el lado del pueblo sirio en &hellip;<\/p>\n","protected":false},"author":39,"featured_media":351594,"comment_status":"closed","ping_status":"closed","sticky":false,"template":"","format":"standard","meta":{"footnotes":""},"categories":[597,456,20724,476,467,583],"tags":[],"class_list":["post-351593","post","type-post","status-publish","format-standard","has-post-thumbnail","","category-cinta-de-noticias","category-arabe-internacional-politica","category-minuto-a-minuto","category-locales","category-siria-y-el-mundo","category-slide"],"_links":{"self":[{"href":"https:\/\/archive.sana.sy\/es\/index.php?rest_route=\/wp\/v2\/posts\/351593"}],"collection":[{"href":"https:\/\/archive.sana.sy\/es\/index.php?rest_route=\/wp\/v2\/posts"}],"about":[{"href":"https:\/\/archive.sana.sy\/es\/index.php?rest_route=\/wp\/v2\/types\/post"}],"author":[{"embeddable":true,"href":"https:\/\/archive.sana.sy\/es\/index.php?rest_route=\/wp\/v2\/users\/39"}],"replies":[{"embeddable":true,"href":"https:\/\/archive.sana.sy\/es\/index.php?rest_route=%2Fwp%2Fv2%2Fcomments&post=351593"}],"version-history":[{"count":1,"href":"https:\/\/archive.sana.sy\/es\/index.php?rest_route=\/wp\/v2\/posts\/351593\/revisions"}],"predecessor-version":[{"id":351595,"href":"https:\/\/archive.sana.sy\/es\/index.php?rest_route=\/wp\/v2\/posts\/351593\/revisions\/351595"}],"wp:featuredmedia":[{"embeddable":true,"href":"https:\/\/archive.sana.sy\/es\/index.php?rest_route=\/wp\/v2\/media\/351594"}],"wp:attachment":[{"href":"https:\/\/archive.sana.sy\/es\/index.php?rest_route=%2Fwp%2Fv2%2Fmedia&parent=351593"}],"wp:term":[{"taxonomy":"category","embeddable":true,"href":"https:\/\/archive.sana.sy\/es\/index.php?rest_route=%2Fwp%2Fv2%2Fcategories&post=351593"},{"taxonomy":"post_tag","embeddable":true,"href":"https:\/\/archive.sana.sy\/es\/index.php?rest_route=%2Fwp%2Fv2%2Ftags&post=351593"}],"curies":[{"name":"wp","href":"https:\/\/api.w.org\/{rel}","templated":true}]}}