{"id":351596,"date":"2025-04-24T08:20:38","date_gmt":"2025-04-24T05:20:38","guid":{"rendered":"https:\/\/sana.sy\/es\/?p=351596"},"modified":"2025-04-25T13:41:27","modified_gmt":"2025-04-25T10:41:27","slug":"al-shaibani-representa-a-siria-en-la-reunion-ministerial-del-consejo-de-la-liga-arabe","status":"publish","type":"post","link":"https:\/\/archive.sana.sy\/es\/?p=351596","title":{"rendered":"Al-Shaibani representa a Siria en la reuni\u00f3n ministerial del Consejo de la Liga \u00c1rabe"},"content":{"rendered":"<p style=\"text-align: justify;\"><span style=\"color: #800000;\"><strong>El Cairo, 24 abr (SANA)\u00a0<\/strong><\/span> El ministro de Asuntos Exteriores y Expatriados, Asaad Hassan Al-Shaibani, represent\u00f3 a Siria por primera vez en la reuni\u00f3n regular de la Cumbre del Consejo de la Liga de los Estados \u00c1rabes celebrada a nivel ministerial y efectuada en la sede de la Secretar\u00eda General de la Liga en El Cairo.<\/p>\n<p style=\"text-align: justify;\">\u201cAgradezco sinceramente a los ministros de Relaciones Exteriores, a Su Excelencia el Secretario General y a su estimado Secretario General Adjunto por la adopci\u00f3n de la resoluci\u00f3n de apoyo al gobierno sirio en el Consejo de la Liga \u00c1rabe\u201d, dijo Al-Shaibani en su cuenta X.<\/p>\n<p style=\"text-align: justify;\">Se\u00f1al\u00f3 que cerrar las filas \u00e1rabes y apoyar a los pa\u00edses hermanos es necesario en esta etapa tan cr\u00edtica, y expres\u00f3 su agradecimiento a todos los que contribuyeron al \u00e9xito de esta resoluci\u00f3n.<\/p>\n<p style=\"text-align: justify;\">\u201cFelicito a mi hermano Ayman Safadi, Ministro de Asuntos Exteriores de Jordania, por asumir la presidencia del actual per\u00edodo de sesiones y le deseo \u00e9xito en su misi\u00f3n\u201d, agreg\u00f3.<\/p>\n<p><img loading=\"lazy\" decoding=\"async\" class=\"wp-image-351599 size-full aligncenter\" src=\"http:\/\/sana.sy\/es\/wp-content\/uploads\/2025\/04\/Liga-Arabe-1.jpg\" alt=\"\" width=\"660\" height=\"370\" srcset=\"https:\/\/archive.sana.sy\/es\/wp-content\/uploads\/2025\/04\/Liga-Arabe-1.jpg 660w, https:\/\/archive.sana.sy\/es\/wp-content\/uploads\/2025\/04\/Liga-Arabe-1-300x168.jpg 300w, https:\/\/archive.sana.sy\/es\/wp-content\/uploads\/2025\/04\/Liga-Arabe-1-150x84.jpg 150w\" sizes=\"(max-width: 660px) 100vw, 660px\" \/><\/p>\n","protected":false},"excerpt":{"rendered":"<p>El Cairo, 24 abr (SANA)\u00a0 El ministro de Asuntos Exteriores y Expatriados, Asaad Hassan Al-Shaibani, represent\u00f3 a Siria por primera vez en la reuni\u00f3n regular de la Cumbre del Consejo de la Liga de los Estados \u00c1rabes celebrada a nivel ministerial y efectuada en la sede de la Secretar\u00eda General de la Liga en El &hellip;<\/p>\n","protected":false},"author":39,"featured_media":351597,"comment_status":"closed","ping_status":"closed","sticky":false,"template":"","format":"standard","meta":{"footnotes":""},"categories":[597,20724,467,583],"tags":[],"class_list":["post-351596","post","type-post","status-publish","format-standard","has-post-thumbnail","","category-cinta-de-noticias","category-minuto-a-minuto","category-siria-y-el-mundo","category-slide"],"_links":{"self":[{"href":"https:\/\/archive.sana.sy\/es\/index.php?rest_route=\/wp\/v2\/posts\/351596"}],"collection":[{"href":"https:\/\/archive.sana.sy\/es\/index.php?rest_route=\/wp\/v2\/posts"}],"about":[{"href":"https:\/\/archive.sana.sy\/es\/index.php?rest_route=\/wp\/v2\/types\/post"}],"author":[{"embeddable":true,"href":"https:\/\/archive.sana.sy\/es\/index.php?rest_route=\/wp\/v2\/users\/39"}],"replies":[{"embeddable":true,"href":"https:\/\/archive.sana.sy\/es\/index.php?rest_route=%2Fwp%2Fv2%2Fcomments&post=351596"}],"version-history":[{"count":4,"href":"https:\/\/archive.sana.sy\/es\/index.php?rest_route=\/wp\/v2\/posts\/351596\/revisions"}],"predecessor-version":[{"id":351699,"href":"https:\/\/archive.sana.sy\/es\/index.php?rest_route=\/wp\/v2\/posts\/351596\/revisions\/351699"}],"wp:featuredmedia":[{"embeddable":true,"href":"https:\/\/archive.sana.sy\/es\/index.php?rest_route=\/wp\/v2\/media\/351597"}],"wp:attachment":[{"href":"https:\/\/archive.sana.sy\/es\/index.php?rest_route=%2Fwp%2Fv2%2Fmedia&parent=351596"}],"wp:term":[{"taxonomy":"category","embeddable":true,"href":"https:\/\/archive.sana.sy\/es\/index.php?rest_route=%2Fwp%2Fv2%2Fcategories&post=351596"},{"taxonomy":"post_tag","embeddable":true,"href":"https:\/\/archive.sana.sy\/es\/index.php?rest_route=%2Fwp%2Fv2%2Ftags&post=351596"}],"curies":[{"name":"wp","href":"https:\/\/api.w.org\/{rel}","templated":true}]}}