{"id":351601,"date":"2025-04-24T08:41:10","date_gmt":"2025-04-24T05:41:10","guid":{"rendered":"https:\/\/sana.sy\/es\/?p=351601"},"modified":"2025-04-24T08:41:50","modified_gmt":"2025-04-24T05:41:50","slug":"canciller-jordano-confirma-apoyo-de-su-pais-a-siria-en-sus-esfuerzos-de-reconstruccion","status":"publish","type":"post","link":"https:\/\/archive.sana.sy\/es\/?p=351601","title":{"rendered":"Canciller jordano confirma apoyo de su pa\u00eds a Siria en sus esfuerzos de reconstrucci\u00f3n"},"content":{"rendered":"<p style=\"text-align: justify;\"><span style=\"color: #800000;\"><strong>El Cairo, 24 abr (SANA)\u00a0<\/strong><\/span> El viceprimer ministro y ministro de Asuntos Exteriores y Expatriados de Jordania, Ayman Al- Safadi, afirm\u00f3 el apoyo de su pa\u00eds a Siria en sus esfuerzos de reconstrucci\u00f3n y el cumplimiento de las aspiraciones del pueblo sirio.<\/p>\n<p style=\"text-align: justify;\">&#8220;Afirmamos nuestro apoyo a Siria en sus esfuerzos de reconstrucci\u00f3n sobre las bases que garanticen su unidad, seguridad, cohesi\u00f3n y soberan\u00eda, la liberan del terrorismo, creen condiciones para el retorno voluntario de los refugiados y satisfagan las aspiraciones del hermano pueblo sirio&#8221;, dijo el Canciller en su discurso pronunciado durante la 163\u00aa sesi\u00f3n ordinaria del Consejo de la Liga \u00c1rabe a nivel ministerial en El Cairo, presidida por Jordania, difundi\u00f3 el canal de televisi\u00f3n jordano Al Mamlaka.<\/p>\n<p style=\"text-align: justify;\">Adem\u00e1s, Al- Safadi dio la bienvenida al ministro de Asuntos Exteriores y Expatriados, Asaad Al-Shaibani, quien asiste a la sesi\u00f3n.<\/p>\n<p style=\"text-align: justify;\">\n","protected":false},"excerpt":{"rendered":"<p>El Cairo, 24 abr (SANA)\u00a0 El viceprimer ministro y ministro de Asuntos Exteriores y Expatriados de Jordania, Ayman Al- Safadi, afirm\u00f3 el apoyo de su pa\u00eds a Siria en sus esfuerzos de reconstrucci\u00f3n y el cumplimiento de las aspiraciones del pueblo sirio. &#8220;Afirmamos nuestro apoyo a Siria en sus esfuerzos de reconstrucci\u00f3n sobre las bases &hellip;<\/p>\n","protected":false},"author":39,"featured_media":351602,"comment_status":"closed","ping_status":"closed","sticky":false,"template":"","format":"standard","meta":{"footnotes":""},"categories":[597,456,20724,467,7541],"tags":[],"class_list":["post-351601","post","type-post","status-publish","format-standard","has-post-thumbnail","","category-cinta-de-noticias","category-arabe-internacional-politica","category-minuto-a-minuto","category-siria-y-el-mundo","category-ultimas-noticias"],"_links":{"self":[{"href":"https:\/\/archive.sana.sy\/es\/index.php?rest_route=\/wp\/v2\/posts\/351601"}],"collection":[{"href":"https:\/\/archive.sana.sy\/es\/index.php?rest_route=\/wp\/v2\/posts"}],"about":[{"href":"https:\/\/archive.sana.sy\/es\/index.php?rest_route=\/wp\/v2\/types\/post"}],"author":[{"embeddable":true,"href":"https:\/\/archive.sana.sy\/es\/index.php?rest_route=\/wp\/v2\/users\/39"}],"replies":[{"embeddable":true,"href":"https:\/\/archive.sana.sy\/es\/index.php?rest_route=%2Fwp%2Fv2%2Fcomments&post=351601"}],"version-history":[{"count":2,"href":"https:\/\/archive.sana.sy\/es\/index.php?rest_route=\/wp\/v2\/posts\/351601\/revisions"}],"predecessor-version":[{"id":351604,"href":"https:\/\/archive.sana.sy\/es\/index.php?rest_route=\/wp\/v2\/posts\/351601\/revisions\/351604"}],"wp:featuredmedia":[{"embeddable":true,"href":"https:\/\/archive.sana.sy\/es\/index.php?rest_route=\/wp\/v2\/media\/351602"}],"wp:attachment":[{"href":"https:\/\/archive.sana.sy\/es\/index.php?rest_route=%2Fwp%2Fv2%2Fmedia&parent=351601"}],"wp:term":[{"taxonomy":"category","embeddable":true,"href":"https:\/\/archive.sana.sy\/es\/index.php?rest_route=%2Fwp%2Fv2%2Fcategories&post=351601"},{"taxonomy":"post_tag","embeddable":true,"href":"https:\/\/archive.sana.sy\/es\/index.php?rest_route=%2Fwp%2Fv2%2Ftags&post=351601"}],"curies":[{"name":"wp","href":"https:\/\/api.w.org\/{rel}","templated":true}]}}