{"id":351605,"date":"2025-04-24T08:49:48","date_gmt":"2025-04-24T05:49:48","guid":{"rendered":"https:\/\/sana.sy\/es\/?p=351605"},"modified":"2025-04-24T08:49:48","modified_gmt":"2025-04-24T05:49:48","slug":"armenia-proporciona-ayuda-a-siria-por-valor-de-126-000-dolares","status":"publish","type":"post","link":"https:\/\/archive.sana.sy\/es\/?p=351605","title":{"rendered":"Armenia proporciona ayuda a Siria por valor de 126.000 d\u00f3lares"},"content":{"rendered":"<p style=\"text-align: justify;\"><span style=\"color: #800000;\"><strong>Erev\u00e1n, 24 abr (SANA)\u00a0 \u00a0<\/strong><\/span>El peri\u00f3dico armenio &#8220;Arivelk&#8221; revel\u00f3 que Armenia proporcionar\u00e1 m\u00e1s de 49 millones de drams armenios, equivalentes a aproximadamente 126 mil d\u00f3lares estadounidenses, como ayuda humanitaria al pueblo sirio, seg\u00fan la decisi\u00f3n tomada por el gobierno armenio durante su sesi\u00f3n ordinaria de hoy, basada en una propuesta presentada por el Ministerio del Interior.<\/p>\n<p style=\"text-align: justify;\">La fuente indic\u00f3 que se asignar\u00e1n 25 millones de drams para suministros sanitarios y farmac\u00e9uticos, y 23 millones de drams para comprar suministros dom\u00e9sticos y alimentos en general.<\/p>\n<p style=\"text-align: justify;\">Asimismo, explic\u00f3 que se distribuir\u00e1 ayuda humanitaria a las personas afectadas por la situaci\u00f3n en Siria, teniendo en cuenta sus necesidades b\u00e1sicas diarias. \u200f<\/p>\n<p style=\"text-align: justify;\">El 21 de marzo, Armenia hab\u00eda enviado ayuda humanitaria a Siria a trav\u00e9s del cruce de Margara en la frontera entre Armenia y Turqu\u00eda<\/p>\n","protected":false},"excerpt":{"rendered":"<p>Erev\u00e1n, 24 abr (SANA)\u00a0 \u00a0El peri\u00f3dico armenio &#8220;Arivelk&#8221; revel\u00f3 que Armenia proporcionar\u00e1 m\u00e1s de 49 millones de drams armenios, equivalentes a aproximadamente 126 mil d\u00f3lares estadounidenses, como ayuda humanitaria al pueblo sirio, seg\u00fan la decisi\u00f3n tomada por el gobierno armenio durante su sesi\u00f3n ordinaria de hoy, basada en una propuesta presentada por el Ministerio del &hellip;<\/p>\n","protected":false},"author":39,"featured_media":351606,"comment_status":"closed","ping_status":"closed","sticky":false,"template":"","format":"standard","meta":{"footnotes":""},"categories":[597,456,20724,467,7541],"tags":[],"class_list":["post-351605","post","type-post","status-publish","format-standard","has-post-thumbnail","","category-cinta-de-noticias","category-arabe-internacional-politica","category-minuto-a-minuto","category-siria-y-el-mundo","category-ultimas-noticias"],"_links":{"self":[{"href":"https:\/\/archive.sana.sy\/es\/index.php?rest_route=\/wp\/v2\/posts\/351605"}],"collection":[{"href":"https:\/\/archive.sana.sy\/es\/index.php?rest_route=\/wp\/v2\/posts"}],"about":[{"href":"https:\/\/archive.sana.sy\/es\/index.php?rest_route=\/wp\/v2\/types\/post"}],"author":[{"embeddable":true,"href":"https:\/\/archive.sana.sy\/es\/index.php?rest_route=\/wp\/v2\/users\/39"}],"replies":[{"embeddable":true,"href":"https:\/\/archive.sana.sy\/es\/index.php?rest_route=%2Fwp%2Fv2%2Fcomments&post=351605"}],"version-history":[{"count":1,"href":"https:\/\/archive.sana.sy\/es\/index.php?rest_route=\/wp\/v2\/posts\/351605\/revisions"}],"predecessor-version":[{"id":351607,"href":"https:\/\/archive.sana.sy\/es\/index.php?rest_route=\/wp\/v2\/posts\/351605\/revisions\/351607"}],"wp:featuredmedia":[{"embeddable":true,"href":"https:\/\/archive.sana.sy\/es\/index.php?rest_route=\/wp\/v2\/media\/351606"}],"wp:attachment":[{"href":"https:\/\/archive.sana.sy\/es\/index.php?rest_route=%2Fwp%2Fv2%2Fmedia&parent=351605"}],"wp:term":[{"taxonomy":"category","embeddable":true,"href":"https:\/\/archive.sana.sy\/es\/index.php?rest_route=%2Fwp%2Fv2%2Fcategories&post=351605"},{"taxonomy":"post_tag","embeddable":true,"href":"https:\/\/archive.sana.sy\/es\/index.php?rest_route=%2Fwp%2Fv2%2Ftags&post=351605"}],"curies":[{"name":"wp","href":"https:\/\/api.w.org\/{rel}","templated":true}]}}