{"id":351608,"date":"2025-04-24T09:17:20","date_gmt":"2025-04-24T06:17:20","guid":{"rendered":"https:\/\/sana.sy\/es\/?p=351608"},"modified":"2025-04-24T09:34:30","modified_gmt":"2025-04-24T06:34:30","slug":"siria-y-turkiye-analizan-cooperacion-conjunta-en-el-ambito-educativo","status":"publish","type":"post","link":"https:\/\/archive.sana.sy\/es\/?p=351608","title":{"rendered":"Siria y T\u00fcrkiye analizan cooperaci\u00f3n conjunta en el \u00e1mbito educativo"},"content":{"rendered":"<p style=\"text-align: justify;\"><span style=\"color: #800000;\"><strong>Damasco, 24 abr (SANA)\u00a0<\/strong> <\/span>El ministro de Educaci\u00f3n, Muhammad Abdul Rahman Tarko, examin\u00f3 con una delegaci\u00f3n de la Embajada de T\u00fcrkiye en Damasco, encabezada por el Embajador de T\u00fcrkiye en Damasco, Burhan Kor Oglu, y el director de la Fundaci\u00f3n Turca para el Conocimiento, la cooperaci\u00f3n conjunta entre los dos pa\u00edses en el campo educativo.<\/p>\n<p style=\"text-align: justify;\">Durante una reuni\u00f3n celebrada hoy en la sede del Ministerio en Damasco, se abord\u00f3 la facilitaci\u00f3n del retorno de los estudiantes sirios, en particular en el \u00e1mbito de la certificaci\u00f3n de diplomas y la facilitaci\u00f3n de los procedimientos de inscripci\u00f3n escolar.<\/p>\n<p style=\"text-align: justify;\">Por su parte, la delegaci\u00f3n turca expres\u00f3 su disposici\u00f3n a contribuir a la reconstrucci\u00f3n de las escuelas destruidas y brindar el apoyo necesario para mejorar el proceso educativo.<\/p>\n","protected":false},"excerpt":{"rendered":"<p>Damasco, 24 abr (SANA)\u00a0 El ministro de Educaci\u00f3n, Muhammad Abdul Rahman Tarko, examin\u00f3 con una delegaci\u00f3n de la Embajada de T\u00fcrkiye en Damasco, encabezada por el Embajador de T\u00fcrkiye en Damasco, Burhan Kor Oglu, y el director de la Fundaci\u00f3n Turca para el Conocimiento, la cooperaci\u00f3n conjunta entre los dos pa\u00edses en el campo educativo. &hellip;<\/p>\n","protected":false},"author":39,"featured_media":351609,"comment_status":"closed","ping_status":"closed","sticky":false,"template":"","format":"standard","meta":{"footnotes":""},"categories":[597,456,20724,467,7541],"tags":[],"class_list":["post-351608","post","type-post","status-publish","format-standard","has-post-thumbnail","","category-cinta-de-noticias","category-arabe-internacional-politica","category-minuto-a-minuto","category-siria-y-el-mundo","category-ultimas-noticias"],"_links":{"self":[{"href":"https:\/\/archive.sana.sy\/es\/index.php?rest_route=\/wp\/v2\/posts\/351608"}],"collection":[{"href":"https:\/\/archive.sana.sy\/es\/index.php?rest_route=\/wp\/v2\/posts"}],"about":[{"href":"https:\/\/archive.sana.sy\/es\/index.php?rest_route=\/wp\/v2\/types\/post"}],"author":[{"embeddable":true,"href":"https:\/\/archive.sana.sy\/es\/index.php?rest_route=\/wp\/v2\/users\/39"}],"replies":[{"embeddable":true,"href":"https:\/\/archive.sana.sy\/es\/index.php?rest_route=%2Fwp%2Fv2%2Fcomments&post=351608"}],"version-history":[{"count":2,"href":"https:\/\/archive.sana.sy\/es\/index.php?rest_route=\/wp\/v2\/posts\/351608\/revisions"}],"predecessor-version":[{"id":351614,"href":"https:\/\/archive.sana.sy\/es\/index.php?rest_route=\/wp\/v2\/posts\/351608\/revisions\/351614"}],"wp:featuredmedia":[{"embeddable":true,"href":"https:\/\/archive.sana.sy\/es\/index.php?rest_route=\/wp\/v2\/media\/351609"}],"wp:attachment":[{"href":"https:\/\/archive.sana.sy\/es\/index.php?rest_route=%2Fwp%2Fv2%2Fmedia&parent=351608"}],"wp:term":[{"taxonomy":"category","embeddable":true,"href":"https:\/\/archive.sana.sy\/es\/index.php?rest_route=%2Fwp%2Fv2%2Fcategories&post=351608"},{"taxonomy":"post_tag","embeddable":true,"href":"https:\/\/archive.sana.sy\/es\/index.php?rest_route=%2Fwp%2Fv2%2Ftags&post=351608"}],"curies":[{"name":"wp","href":"https:\/\/api.w.org\/{rel}","templated":true}]}}