{"id":351615,"date":"2025-04-24T10:02:21","date_gmt":"2025-04-24T07:02:21","guid":{"rendered":"https:\/\/sana.sy\/es\/?p=351615"},"modified":"2025-04-24T10:12:18","modified_gmt":"2025-04-24T07:12:18","slug":"ministro-sirio-de-obras-publicas-y-vivienda-y-ministro-turco-de-transporte-e-infraestructura-abordan-formas-de-mejorar-la-cooperacion-conjunta","status":"publish","type":"post","link":"https:\/\/archive.sana.sy\/es\/?p=351615","title":{"rendered":"Ministro sirio de Obras P\u00fablicas y Vivienda y Ministro turco de Transporte e Infraestructura abordan formas de mejorar la cooperaci\u00f3n conjunta"},"content":{"rendered":"<p style=\"text-align: justify;\"><span style=\"color: #800000;\"><strong>Damasco, 24 abr (SANA)<\/strong><\/span> El ministro de Obras P\u00fablicas y Vivienda, Mustafa Abdul Razzaq, analiz\u00f3 con el ministro turco de Transporte e Infraestructura, Abdulkadir Uralo\u011flu, y la delegaci\u00f3n acompa\u00f1ante, los mecanismos para mejorar la cooperaci\u00f3n conjunta entre los dos pa\u00edses en el campo de trabajo de la referida esfera.<\/p>\n<p style=\"text-align: justify;\">Durante una reuni\u00f3n celebrada hoy en la sede del Ministerio en Damasco, las dos partes abordaron temas relacionados con las obras viales, el transporte, el desarrollo de la infraestructura vial y la posibilidad de dar servicio a las carreteras internacionales compartidas con T\u00fcrkiye de conformidad con las normas internacionales.<\/p>\n<p style=\"text-align: justify;\">El Ministros sirio destac\u00f3 los trabajos de rehabilitaci\u00f3n en curso en el puente Al-Rastan y la posibilidad de construir uno nuevo, dada su vital importancia para unir el norte y el sur de Siria. Tambi\u00e9n destac\u00f3 la importancia de la visita de la delegaci\u00f3n turca que beneficiar\u00e1 a ambas partes y enfatiz\u00f3 la necesidad del intercambio de experiencia t\u00e9cnica entre los dos Ministerios y de visitas de equipos t\u00e9cnicos conjuntos.<\/p>\n<p style=\"text-align: justify;\">Por su parte, el titular turco destac\u00f3 la posibilidad de prestar todos los servicios relacionados con el trabajo conjunto entre ambas entidades, y se refiri\u00f3 al mecanismo de interacci\u00f3n conjunta, organizaci\u00f3n y seguimiento de las rutas terrestres y mar\u00edtimas, y su mejora.<\/p>\n<div id='gallery-1' class='gallery galleryid-351615 gallery-columns-1 gallery-size-full'><figure class='gallery-item'>\n\t\t\t<div class='gallery-icon landscape'>\n\t\t\t\t<a href='https:\/\/archive.sana.sy\/es\/?attachment_id=351617'><img loading=\"lazy\" decoding=\"async\" width=\"1280\" height=\"782\" src=\"https:\/\/archive.sana.sy\/es\/wp-content\/uploads\/2025\/04\/Obras-3.jpg\" class=\"attachment-full size-full\" alt=\"\" srcset=\"https:\/\/archive.sana.sy\/es\/wp-content\/uploads\/2025\/04\/Obras-3.jpg 1280w, https:\/\/archive.sana.sy\/es\/wp-content\/uploads\/2025\/04\/Obras-3-300x183.jpg 300w, https:\/\/archive.sana.sy\/es\/wp-content\/uploads\/2025\/04\/Obras-3-1024x626.jpg 1024w, https:\/\/archive.sana.sy\/es\/wp-content\/uploads\/2025\/04\/Obras-3-150x92.jpg 150w, https:\/\/archive.sana.sy\/es\/wp-content\/uploads\/2025\/04\/Obras-3-768x469.jpg 768w\" sizes=\"(max-width: 1280px) 100vw, 1280px\" \/><\/a>\n\t\t\t<\/div><\/figure><figure class='gallery-item'>\n\t\t\t<div class='gallery-icon landscape'>\n\t\t\t\t<a href='https:\/\/archive.sana.sy\/es\/?attachment_id=351618'><img loading=\"lazy\" decoding=\"async\" width=\"1280\" height=\"767\" src=\"https:\/\/archive.sana.sy\/es\/wp-content\/uploads\/2025\/04\/Obras-2.jpg\" class=\"attachment-full size-full\" alt=\"\" srcset=\"https:\/\/archive.sana.sy\/es\/wp-content\/uploads\/2025\/04\/Obras-2.jpg 1280w, https:\/\/archive.sana.sy\/es\/wp-content\/uploads\/2025\/04\/Obras-2-300x180.jpg 300w, https:\/\/archive.sana.sy\/es\/wp-content\/uploads\/2025\/04\/Obras-2-1024x614.jpg 1024w, https:\/\/archive.sana.sy\/es\/wp-content\/uploads\/2025\/04\/Obras-2-150x90.jpg 150w, https:\/\/archive.sana.sy\/es\/wp-content\/uploads\/2025\/04\/Obras-2-768x460.jpg 768w\" sizes=\"(max-width: 1280px) 100vw, 1280px\" \/><\/a>\n\t\t\t<\/div><\/figure>\n\t\t<\/div>\n\n","protected":false},"excerpt":{"rendered":"<p>Damasco, 24 abr (SANA) El ministro de Obras P\u00fablicas y Vivienda, Mustafa Abdul Razzaq, analiz\u00f3 con el ministro turco de Transporte e Infraestructura, Abdulkadir Uralo\u011flu, y la delegaci\u00f3n acompa\u00f1ante, los mecanismos para mejorar la cooperaci\u00f3n conjunta entre los dos pa\u00edses en el campo de trabajo de la referida esfera. Durante una reuni\u00f3n celebrada hoy en &hellip;<\/p>\n","protected":false},"author":39,"featured_media":351616,"comment_status":"closed","ping_status":"closed","sticky":false,"template":"","format":"standard","meta":{"footnotes":""},"categories":[597,456,20724,467,7541],"tags":[],"class_list":["post-351615","post","type-post","status-publish","format-standard","has-post-thumbnail","","category-cinta-de-noticias","category-arabe-internacional-politica","category-minuto-a-minuto","category-siria-y-el-mundo","category-ultimas-noticias"],"_links":{"self":[{"href":"https:\/\/archive.sana.sy\/es\/index.php?rest_route=\/wp\/v2\/posts\/351615"}],"collection":[{"href":"https:\/\/archive.sana.sy\/es\/index.php?rest_route=\/wp\/v2\/posts"}],"about":[{"href":"https:\/\/archive.sana.sy\/es\/index.php?rest_route=\/wp\/v2\/types\/post"}],"author":[{"embeddable":true,"href":"https:\/\/archive.sana.sy\/es\/index.php?rest_route=\/wp\/v2\/users\/39"}],"replies":[{"embeddable":true,"href":"https:\/\/archive.sana.sy\/es\/index.php?rest_route=%2Fwp%2Fv2%2Fcomments&post=351615"}],"version-history":[{"count":1,"href":"https:\/\/archive.sana.sy\/es\/index.php?rest_route=\/wp\/v2\/posts\/351615\/revisions"}],"predecessor-version":[{"id":351619,"href":"https:\/\/archive.sana.sy\/es\/index.php?rest_route=\/wp\/v2\/posts\/351615\/revisions\/351619"}],"wp:featuredmedia":[{"embeddable":true,"href":"https:\/\/archive.sana.sy\/es\/index.php?rest_route=\/wp\/v2\/media\/351616"}],"wp:attachment":[{"href":"https:\/\/archive.sana.sy\/es\/index.php?rest_route=%2Fwp%2Fv2%2Fmedia&parent=351615"}],"wp:term":[{"taxonomy":"category","embeddable":true,"href":"https:\/\/archive.sana.sy\/es\/index.php?rest_route=%2Fwp%2Fv2%2Fcategories&post=351615"},{"taxonomy":"post_tag","embeddable":true,"href":"https:\/\/archive.sana.sy\/es\/index.php?rest_route=%2Fwp%2Fv2%2Ftags&post=351615"}],"curies":[{"name":"wp","href":"https:\/\/api.w.org\/{rel}","templated":true}]}}