{"id":351620,"date":"2025-04-24T11:28:03","date_gmt":"2025-04-24T08:28:03","guid":{"rendered":"https:\/\/sana.sy\/es\/?p=351620"},"modified":"2025-04-24T11:28:03","modified_gmt":"2025-04-24T08:28:03","slug":"ministerio-de-educacion-y-la-unrwa-examinan-fortalecer-la-cooperacion","status":"publish","type":"post","link":"https:\/\/archive.sana.sy\/es\/?p=351620","title":{"rendered":"Ministerio de Educaci\u00f3n y la UNRWA examinan fortalecer la cooperaci\u00f3n"},"content":{"rendered":"<p style=\"text-align: justify;\"><span style=\"color: #800000;\"><strong>Damasco, 24 abr (SANA)\u00a0<\/strong> <\/span>El ministro de Educaci\u00f3n, Mohammed Abdul Rahman Tarko, convers\u00f3 hoy con el director de Agencia de Naciones Unidas para los Refugiados de Palestina en Oriente Pr\u00f3ximo (UNRWA) en Siria, Amanya Michael Eby, y la delegaci\u00f3n acompa\u00f1ante, sobre el estado de la educaci\u00f3n en Siria y el mecanismo para mejorar la cooperaci\u00f3n entre el Ministerio y la referida organizaci\u00f3n.<\/p>\n<p style=\"text-align: justify;\">Durante una reuni\u00f3n efectuada en la sede del Ministerio en Damasco, las dos partes revisaron los proyectos futuros del mencionado organismo en el sector de la educaci\u00f3n, el estado de los edificios escolares demolidos y el mecanismo para su reconstrucci\u00f3n y restauraci\u00f3n.<\/p>\n<p style=\"text-align: justify;\">El titular sirio subray\u00f3 que las sanciones econ\u00f3micas contra Siria obstaculizan los esfuerzos de reconstrucci\u00f3n en diversos campos, incluidos los relacionados con la educaci\u00f3n.<\/p>\n<p style=\"text-align: justify;\">Por su parte, la delegaci\u00f3n manifest\u00f3 su disposici\u00f3n a brindar apoyo al Ministerio en materia de edificaciones escolares, formaci\u00f3n y cualificaci\u00f3n del personal docente, y explic\u00f3 el mecanismo de trabajo de la organizaci\u00f3n dentro del sector educativo, los desaf\u00edos que enfrenta y las formas para desarrollar su labor de manera que contribuya a mejorar los servicios prestados.<\/p>\n","protected":false},"excerpt":{"rendered":"<p>Damasco, 24 abr (SANA)\u00a0 El ministro de Educaci\u00f3n, Mohammed Abdul Rahman Tarko, convers\u00f3 hoy con el director de Agencia de Naciones Unidas para los Refugiados de Palestina en Oriente Pr\u00f3ximo (UNRWA) en Siria, Amanya Michael Eby, y la delegaci\u00f3n acompa\u00f1ante, sobre el estado de la educaci\u00f3n en Siria y el mecanismo para mejorar la cooperaci\u00f3n &hellip;<\/p>\n","protected":false},"author":39,"featured_media":351621,"comment_status":"closed","ping_status":"closed","sticky":false,"template":"","format":"standard","meta":{"footnotes":""},"categories":[597,456,20724,467,7541],"tags":[],"class_list":["post-351620","post","type-post","status-publish","format-standard","has-post-thumbnail","","category-cinta-de-noticias","category-arabe-internacional-politica","category-minuto-a-minuto","category-siria-y-el-mundo","category-ultimas-noticias"],"_links":{"self":[{"href":"https:\/\/archive.sana.sy\/es\/index.php?rest_route=\/wp\/v2\/posts\/351620"}],"collection":[{"href":"https:\/\/archive.sana.sy\/es\/index.php?rest_route=\/wp\/v2\/posts"}],"about":[{"href":"https:\/\/archive.sana.sy\/es\/index.php?rest_route=\/wp\/v2\/types\/post"}],"author":[{"embeddable":true,"href":"https:\/\/archive.sana.sy\/es\/index.php?rest_route=\/wp\/v2\/users\/39"}],"replies":[{"embeddable":true,"href":"https:\/\/archive.sana.sy\/es\/index.php?rest_route=%2Fwp%2Fv2%2Fcomments&post=351620"}],"version-history":[{"count":1,"href":"https:\/\/archive.sana.sy\/es\/index.php?rest_route=\/wp\/v2\/posts\/351620\/revisions"}],"predecessor-version":[{"id":351622,"href":"https:\/\/archive.sana.sy\/es\/index.php?rest_route=\/wp\/v2\/posts\/351620\/revisions\/351622"}],"wp:featuredmedia":[{"embeddable":true,"href":"https:\/\/archive.sana.sy\/es\/index.php?rest_route=\/wp\/v2\/media\/351621"}],"wp:attachment":[{"href":"https:\/\/archive.sana.sy\/es\/index.php?rest_route=%2Fwp%2Fv2%2Fmedia&parent=351620"}],"wp:term":[{"taxonomy":"category","embeddable":true,"href":"https:\/\/archive.sana.sy\/es\/index.php?rest_route=%2Fwp%2Fv2%2Fcategories&post=351620"},{"taxonomy":"post_tag","embeddable":true,"href":"https:\/\/archive.sana.sy\/es\/index.php?rest_route=%2Fwp%2Fv2%2Ftags&post=351620"}],"curies":[{"name":"wp","href":"https:\/\/api.w.org\/{rel}","templated":true}]}}