{"id":351657,"date":"2025-04-24T20:57:00","date_gmt":"2025-04-24T17:57:00","guid":{"rendered":"https:\/\/sana.sy\/es\/?p=351657"},"modified":"2025-04-24T20:57:00","modified_gmt":"2025-04-24T17:57:00","slug":"presidente-al-shara-sostiene-una-reunion-con-los-gobernadores","status":"publish","type":"post","link":"https:\/\/archive.sana.sy\/es\/?p=351657","title":{"rendered":"Presidente Al-Shara sostiene una reuni\u00f3n con los Gobernadores"},"content":{"rendered":"<p style=\"text-align: justify;\"><span style=\"color: #800000;\"><strong>Damasco, 24 abr (SANA)<\/strong><\/span>\u00a0 El Presidente de Siria Ahmed al-Shara examin\u00f3 hoy durante su reuni\u00f3n con los Gobernadores del pa\u00eds el estado de los servicios p\u00fablicos y los planes de desarrollo local en varias regiones.<\/p>\n<p style=\"text-align: justify;\">En la reuni\u00f3n se estudi\u00f3 la importancia de escuchar las necesidades de los ciudadanos y trabajar para mejorar el nivel de los servicios.<\/p>\n<p style=\"text-align: justify;\">Tambi\u00e9n se discutieron los mecanismos de coordinaci\u00f3n entre las autoridades centrales y locales, y la adopci\u00f3n de soluciones innovadoras para superar los obst\u00e1culos.<\/p>\n<p style=\"text-align: justify;\">Asimismo, se examinaron los desaf\u00edos m\u00e1s destacados de las gobernaciones y se presentaron propuestas para desarrollar el desempe\u00f1o administrativo y mejorar los servicios.<\/p>\n<div id='gallery-1' class='gallery galleryid-351657 gallery-columns-1 gallery-size-full'><figure class='gallery-item'>\n\t\t\t<div class='gallery-icon landscape'>\n\t\t\t\t<a href='https:\/\/archive.sana.sy\/es\/wp-content\/uploads\/2025\/04\/photo_3_2025-04-24_19-43-54.jpg'><img loading=\"lazy\" decoding=\"async\" width=\"2560\" height=\"1437\" src=\"https:\/\/archive.sana.sy\/es\/wp-content\/uploads\/2025\/04\/photo_3_2025-04-24_19-43-54.jpg\" class=\"attachment-full size-full\" alt=\"\" srcset=\"https:\/\/archive.sana.sy\/es\/wp-content\/uploads\/2025\/04\/photo_3_2025-04-24_19-43-54.jpg 2560w, https:\/\/archive.sana.sy\/es\/wp-content\/uploads\/2025\/04\/photo_3_2025-04-24_19-43-54-300x168.jpg 300w, https:\/\/archive.sana.sy\/es\/wp-content\/uploads\/2025\/04\/photo_3_2025-04-24_19-43-54-1024x575.jpg 1024w, https:\/\/archive.sana.sy\/es\/wp-content\/uploads\/2025\/04\/photo_3_2025-04-24_19-43-54-150x84.jpg 150w, https:\/\/archive.sana.sy\/es\/wp-content\/uploads\/2025\/04\/photo_3_2025-04-24_19-43-54-768x431.jpg 768w, https:\/\/archive.sana.sy\/es\/wp-content\/uploads\/2025\/04\/photo_3_2025-04-24_19-43-54-1536x862.jpg 1536w, https:\/\/archive.sana.sy\/es\/wp-content\/uploads\/2025\/04\/photo_3_2025-04-24_19-43-54-2048x1150.jpg 2048w\" sizes=\"(max-width: 2560px) 100vw, 2560px\" \/><\/a>\n\t\t\t<\/div><\/figure><figure class='gallery-item'>\n\t\t\t<div class='gallery-icon landscape'>\n\t\t\t\t<a href='https:\/\/archive.sana.sy\/es\/wp-content\/uploads\/2025\/04\/photo_2_2025-04-24_19-43-54.jpg'><img loading=\"lazy\" decoding=\"async\" width=\"2560\" height=\"1438\" src=\"https:\/\/archive.sana.sy\/es\/wp-content\/uploads\/2025\/04\/photo_2_2025-04-24_19-43-54.jpg\" class=\"attachment-full size-full\" alt=\"\" srcset=\"https:\/\/archive.sana.sy\/es\/wp-content\/uploads\/2025\/04\/photo_2_2025-04-24_19-43-54.jpg 2560w, https:\/\/archive.sana.sy\/es\/wp-content\/uploads\/2025\/04\/photo_2_2025-04-24_19-43-54-300x169.jpg 300w, https:\/\/archive.sana.sy\/es\/wp-content\/uploads\/2025\/04\/photo_2_2025-04-24_19-43-54-1024x575.jpg 1024w, https:\/\/archive.sana.sy\/es\/wp-content\/uploads\/2025\/04\/photo_2_2025-04-24_19-43-54-150x84.jpg 150w, https:\/\/archive.sana.sy\/es\/wp-content\/uploads\/2025\/04\/photo_2_2025-04-24_19-43-54-768x431.jpg 768w, https:\/\/archive.sana.sy\/es\/wp-content\/uploads\/2025\/04\/photo_2_2025-04-24_19-43-54-1536x863.jpg 1536w, https:\/\/archive.sana.sy\/es\/wp-content\/uploads\/2025\/04\/photo_2_2025-04-24_19-43-54-2048x1150.jpg 2048w\" sizes=\"(max-width: 2560px) 100vw, 2560px\" \/><\/a>\n\t\t\t<\/div><\/figure><figure class='gallery-item'>\n\t\t\t<div class='gallery-icon landscape'>\n\t\t\t\t<a href='https:\/\/archive.sana.sy\/es\/wp-content\/uploads\/2025\/04\/photo_1_2025-04-24_19-43-54.jpg'><img loading=\"lazy\" decoding=\"async\" width=\"2560\" height=\"1438\" src=\"https:\/\/archive.sana.sy\/es\/wp-content\/uploads\/2025\/04\/photo_1_2025-04-24_19-43-54.jpg\" class=\"attachment-full size-full\" alt=\"\" srcset=\"https:\/\/archive.sana.sy\/es\/wp-content\/uploads\/2025\/04\/photo_1_2025-04-24_19-43-54.jpg 2560w, https:\/\/archive.sana.sy\/es\/wp-content\/uploads\/2025\/04\/photo_1_2025-04-24_19-43-54-300x169.jpg 300w, https:\/\/archive.sana.sy\/es\/wp-content\/uploads\/2025\/04\/photo_1_2025-04-24_19-43-54-1024x575.jpg 1024w, https:\/\/archive.sana.sy\/es\/wp-content\/uploads\/2025\/04\/photo_1_2025-04-24_19-43-54-150x84.jpg 150w, https:\/\/archive.sana.sy\/es\/wp-content\/uploads\/2025\/04\/photo_1_2025-04-24_19-43-54-768x431.jpg 768w, https:\/\/archive.sana.sy\/es\/wp-content\/uploads\/2025\/04\/photo_1_2025-04-24_19-43-54-1536x863.jpg 1536w, https:\/\/archive.sana.sy\/es\/wp-content\/uploads\/2025\/04\/photo_1_2025-04-24_19-43-54-2048x1150.jpg 2048w\" sizes=\"(max-width: 2560px) 100vw, 2560px\" \/><\/a>\n\t\t\t<\/div><\/figure>\n\t\t<\/div>\n\n","protected":false},"excerpt":{"rendered":"<p>Damasco, 24 abr (SANA)\u00a0 El Presidente de Siria Ahmed al-Shara examin\u00f3 hoy durante su reuni\u00f3n con los Gobernadores del pa\u00eds el estado de los servicios p\u00fablicos y los planes de desarrollo local en varias regiones. En la reuni\u00f3n se estudi\u00f3 la importancia de escuchar las necesidades de los ciudadanos y trabajar para mejorar el nivel &hellip;<\/p>\n","protected":false},"author":31,"featured_media":351658,"comment_status":"closed","ping_status":"closed","sticky":false,"template":"","format":"standard","meta":{"footnotes":""},"categories":[597,476,583],"tags":[],"class_list":["post-351657","post","type-post","status-publish","format-standard","has-post-thumbnail","","category-cinta-de-noticias","category-locales","category-slide"],"_links":{"self":[{"href":"https:\/\/archive.sana.sy\/es\/index.php?rest_route=\/wp\/v2\/posts\/351657"}],"collection":[{"href":"https:\/\/archive.sana.sy\/es\/index.php?rest_route=\/wp\/v2\/posts"}],"about":[{"href":"https:\/\/archive.sana.sy\/es\/index.php?rest_route=\/wp\/v2\/types\/post"}],"author":[{"embeddable":true,"href":"https:\/\/archive.sana.sy\/es\/index.php?rest_route=\/wp\/v2\/users\/31"}],"replies":[{"embeddable":true,"href":"https:\/\/archive.sana.sy\/es\/index.php?rest_route=%2Fwp%2Fv2%2Fcomments&post=351657"}],"version-history":[{"count":1,"href":"https:\/\/archive.sana.sy\/es\/index.php?rest_route=\/wp\/v2\/posts\/351657\/revisions"}],"predecessor-version":[{"id":351662,"href":"https:\/\/archive.sana.sy\/es\/index.php?rest_route=\/wp\/v2\/posts\/351657\/revisions\/351662"}],"wp:featuredmedia":[{"embeddable":true,"href":"https:\/\/archive.sana.sy\/es\/index.php?rest_route=\/wp\/v2\/media\/351658"}],"wp:attachment":[{"href":"https:\/\/archive.sana.sy\/es\/index.php?rest_route=%2Fwp%2Fv2%2Fmedia&parent=351657"}],"wp:term":[{"taxonomy":"category","embeddable":true,"href":"https:\/\/archive.sana.sy\/es\/index.php?rest_route=%2Fwp%2Fv2%2Fcategories&post=351657"},{"taxonomy":"post_tag","embeddable":true,"href":"https:\/\/archive.sana.sy\/es\/index.php?rest_route=%2Fwp%2Fv2%2Ftags&post=351657"}],"curies":[{"name":"wp","href":"https:\/\/api.w.org\/{rel}","templated":true}]}}