{"id":351666,"date":"2025-04-24T21:20:43","date_gmt":"2025-04-24T18:20:43","guid":{"rendered":"https:\/\/sana.sy\/es\/?p=351666"},"modified":"2025-04-24T21:36:43","modified_gmt":"2025-04-24T18:36:43","slug":"jordania-nuestra-posicion-y-politica-es-apoyar-al-hermano-pueblo-sirio","status":"publish","type":"post","link":"https:\/\/archive.sana.sy\/es\/?p=351666","title":{"rendered":"Jordania: Nuestra posici\u00f3n y pol\u00edtica es apoyar al hermano pueblo sirio"},"content":{"rendered":"<p style=\"text-align: justify;\"><span style=\"color: #800000;\"><strong>Amm\u00e1n, 24 abr (SANA)\u00a0<\/strong><\/span> El ministro de Asuntos Exteriores de Jordania, Ayman Al-Safadi, reiter\u00f3 el apoyo de su pa\u00eds a la seguridad, la estabilidad y la soberan\u00eda de Siria.<\/p>\n<p style=\"text-align: justify;\">Durante su reuni\u00f3n hoy con su hom\u00f3logo h\u00fangaro, P\u00e9ter Szijj\u00e1rt\u00f3, el canciller jordano enfatiz\u00f3 la necesidad de apoyar la estabilidad de Siria y el L\u00edbano, inform\u00f3 la agencia jordana Petra.<\/p>\n<p style=\"text-align: justify;\">\u00abSiria est\u00e1 entrando en una nueva etapa tras el gran sufrimiento del hermano pueblo sirio. Por lo tanto, nuestra postura y pol\u00edtica son apoyar a nuestros hermanos sirios en la reconstrucci\u00f3n de su patria sobre bases que garanticen la seguridad, la estabilidad y la soberan\u00eda, y preserven los derechos de todos los sirios\u00bb, indic\u00f3 Al-Safadi.<\/p>\n","protected":false},"excerpt":{"rendered":"<p>Amm\u00e1n, 24 abr (SANA)\u00a0 El ministro de Asuntos Exteriores de Jordania, Ayman Al-Safadi, reiter\u00f3 el apoyo de su pa\u00eds a la seguridad, la estabilidad y la soberan\u00eda de Siria. Durante su reuni\u00f3n hoy con su hom\u00f3logo h\u00fangaro, P\u00e9ter Szijj\u00e1rt\u00f3, el canciller jordano enfatiz\u00f3 la necesidad de apoyar la estabilidad de Siria y el L\u00edbano, inform\u00f3 &hellip;<\/p>\n","protected":false},"author":31,"featured_media":351667,"comment_status":"closed","ping_status":"closed","sticky":false,"template":"","format":"standard","meta":{"footnotes":""},"categories":[597,467,7541],"tags":[],"class_list":["post-351666","post","type-post","status-publish","format-standard","has-post-thumbnail","","category-cinta-de-noticias","category-siria-y-el-mundo","category-ultimas-noticias"],"_links":{"self":[{"href":"https:\/\/archive.sana.sy\/es\/index.php?rest_route=\/wp\/v2\/posts\/351666"}],"collection":[{"href":"https:\/\/archive.sana.sy\/es\/index.php?rest_route=\/wp\/v2\/posts"}],"about":[{"href":"https:\/\/archive.sana.sy\/es\/index.php?rest_route=\/wp\/v2\/types\/post"}],"author":[{"embeddable":true,"href":"https:\/\/archive.sana.sy\/es\/index.php?rest_route=\/wp\/v2\/users\/31"}],"replies":[{"embeddable":true,"href":"https:\/\/archive.sana.sy\/es\/index.php?rest_route=%2Fwp%2Fv2%2Fcomments&post=351666"}],"version-history":[{"count":1,"href":"https:\/\/archive.sana.sy\/es\/index.php?rest_route=\/wp\/v2\/posts\/351666\/revisions"}],"predecessor-version":[{"id":351668,"href":"https:\/\/archive.sana.sy\/es\/index.php?rest_route=\/wp\/v2\/posts\/351666\/revisions\/351668"}],"wp:featuredmedia":[{"embeddable":true,"href":"https:\/\/archive.sana.sy\/es\/index.php?rest_route=\/wp\/v2\/media\/351667"}],"wp:attachment":[{"href":"https:\/\/archive.sana.sy\/es\/index.php?rest_route=%2Fwp%2Fv2%2Fmedia&parent=351666"}],"wp:term":[{"taxonomy":"category","embeddable":true,"href":"https:\/\/archive.sana.sy\/es\/index.php?rest_route=%2Fwp%2Fv2%2Fcategories&post=351666"},{"taxonomy":"post_tag","embeddable":true,"href":"https:\/\/archive.sana.sy\/es\/index.php?rest_route=%2Fwp%2Fv2%2Ftags&post=351666"}],"curies":[{"name":"wp","href":"https:\/\/api.w.org\/{rel}","templated":true}]}}