{"id":351700,"date":"2025-04-25T14:19:44","date_gmt":"2025-04-25T11:19:44","guid":{"rendered":"https:\/\/sana.sy\/es\/?p=351700"},"modified":"2025-04-25T15:39:08","modified_gmt":"2025-04-25T12:39:08","slug":"presidente-al-shara-se-reune-con-el-ministro-de-agricultura","status":"publish","type":"post","link":"https:\/\/archive.sana.sy\/es\/?p=351700","title":{"rendered":"Presidente Al-Shara se re\u00fane con el ministro de Agricultura"},"content":{"rendered":"<p style=\"text-align: justify;\"><span style=\"color: #800000;\"><strong>Damasco, 25 abr (SANA)<\/strong><\/span>\u00a0 El presidente de Siria Ahmad Al-Shara se reuni\u00f3 con el ministro de Agricultura, Amjad Badr.<\/p>\n<p style=\"text-align: justify;\">Durante el encuentro, se abordaron aspectos relativo a la labor del Ministerio, la situaci\u00f3n agr\u00edcola en el pa\u00eds, los planes para lograr la autosuficiencia y las formas de apoyar a los agricultores.<\/p>\n<div id='gallery-1' class='gallery galleryid-351700 gallery-columns-1 gallery-size-full'><figure class='gallery-item'>\n\t\t\t<div class='gallery-icon landscape'>\n\t\t\t\t<a href='https:\/\/archive.sana.sy\/es\/wp-content\/uploads\/2025\/04\/photo_2025-04-25_14-03-49-2.jpg'><img loading=\"lazy\" decoding=\"async\" width=\"1280\" height=\"718\" src=\"https:\/\/archive.sana.sy\/es\/wp-content\/uploads\/2025\/04\/photo_2025-04-25_14-03-49-2.jpg\" class=\"attachment-full size-full\" alt=\"\" srcset=\"https:\/\/archive.sana.sy\/es\/wp-content\/uploads\/2025\/04\/photo_2025-04-25_14-03-49-2.jpg 1280w, https:\/\/archive.sana.sy\/es\/wp-content\/uploads\/2025\/04\/photo_2025-04-25_14-03-49-2-300x168.jpg 300w, https:\/\/archive.sana.sy\/es\/wp-content\/uploads\/2025\/04\/photo_2025-04-25_14-03-49-2-1024x574.jpg 1024w, https:\/\/archive.sana.sy\/es\/wp-content\/uploads\/2025\/04\/photo_2025-04-25_14-03-49-2-150x84.jpg 150w, https:\/\/archive.sana.sy\/es\/wp-content\/uploads\/2025\/04\/photo_2025-04-25_14-03-49-2-768x431.jpg 768w\" sizes=\"(max-width: 1280px) 100vw, 1280px\" \/><\/a>\n\t\t\t<\/div><\/figure>\n\t\t<\/div>\n\n","protected":false},"excerpt":{"rendered":"<p>Damasco, 25 abr (SANA)\u00a0 El presidente de Siria Ahmad Al-Shara se reuni\u00f3 con el ministro de Agricultura, Amjad Badr. Durante el encuentro, se abordaron aspectos relativo a la labor del Ministerio, la situaci\u00f3n agr\u00edcola en el pa\u00eds, los planes para lograr la autosuficiencia y las formas de apoyar a los agricultores.<\/p>\n","protected":false},"author":31,"featured_media":351701,"comment_status":"closed","ping_status":"closed","sticky":false,"template":"","format":"standard","meta":{"footnotes":""},"categories":[597,476,583],"tags":[],"class_list":["post-351700","post","type-post","status-publish","format-standard","has-post-thumbnail","","category-cinta-de-noticias","category-locales","category-slide"],"_links":{"self":[{"href":"https:\/\/archive.sana.sy\/es\/index.php?rest_route=\/wp\/v2\/posts\/351700"}],"collection":[{"href":"https:\/\/archive.sana.sy\/es\/index.php?rest_route=\/wp\/v2\/posts"}],"about":[{"href":"https:\/\/archive.sana.sy\/es\/index.php?rest_route=\/wp\/v2\/types\/post"}],"author":[{"embeddable":true,"href":"https:\/\/archive.sana.sy\/es\/index.php?rest_route=\/wp\/v2\/users\/31"}],"replies":[{"embeddable":true,"href":"https:\/\/archive.sana.sy\/es\/index.php?rest_route=%2Fwp%2Fv2%2Fcomments&post=351700"}],"version-history":[{"count":2,"href":"https:\/\/archive.sana.sy\/es\/index.php?rest_route=\/wp\/v2\/posts\/351700\/revisions"}],"predecessor-version":[{"id":351708,"href":"https:\/\/archive.sana.sy\/es\/index.php?rest_route=\/wp\/v2\/posts\/351700\/revisions\/351708"}],"wp:featuredmedia":[{"embeddable":true,"href":"https:\/\/archive.sana.sy\/es\/index.php?rest_route=\/wp\/v2\/media\/351701"}],"wp:attachment":[{"href":"https:\/\/archive.sana.sy\/es\/index.php?rest_route=%2Fwp%2Fv2%2Fmedia&parent=351700"}],"wp:term":[{"taxonomy":"category","embeddable":true,"href":"https:\/\/archive.sana.sy\/es\/index.php?rest_route=%2Fwp%2Fv2%2Fcategories&post=351700"},{"taxonomy":"post_tag","embeddable":true,"href":"https:\/\/archive.sana.sy\/es\/index.php?rest_route=%2Fwp%2Fv2%2Ftags&post=351700"}],"curies":[{"name":"wp","href":"https:\/\/api.w.org\/{rel}","templated":true}]}}