{"id":351759,"date":"2025-04-26T11:38:49","date_gmt":"2025-04-26T08:38:49","guid":{"rendered":"https:\/\/sana.sy\/es\/?p=351759"},"modified":"2025-04-26T17:09:06","modified_gmt":"2025-04-26T14:09:06","slug":"turkiye-reitera-la-necesidad-de-levantar-las-sanciones-a-siria","status":"publish","type":"post","link":"https:\/\/archive.sana.sy\/es\/?p=351759","title":{"rendered":"T\u00fcrkiye reitera la necesidad de levantar las sanciones a Siria"},"content":{"rendered":"<p style=\"text-align: justify;\"><strong><span style=\"color: #800000;\">Estambul, 26 abr (SANA)<\/span> <\/strong>El viceministro de Asuntos Exteriores de T\u00fcrkiye, Nuh Yilmaz, reiter\u00f3 la posici\u00f3n de su pa\u00eds que llama al levantamiento de las sanciones occidentales contra Siria.<\/p>\n<p style=\"text-align: justify;\">La postura del diplom\u00e1tico turco fue expresada durante su reuni\u00f3n con el viceministro de Asuntos Exteriores ruso, Mikhail Bogdanov, que tuvo lugar en Estambul, inform\u00f3 la agencia turca de noticias \u201cAnadolu\u201d.<\/p>\n<p style=\"text-align: justify;\">\u201cEl levantamiento de las sanciones contra Siria es la forma m\u00e1s eficaz y eficiente de apoyar pol\u00edtica y financieramente al gobierno sirio\u201d, indic\u00f3 Yilmaz.<\/p>\n<p style=\"text-align: justify;\">Asimismo, se\u00f1al\u00f3 la necesidad de detener los ataques israel\u00edes contra el territorio sirio.<\/p>\n","protected":false},"excerpt":{"rendered":"<p>Estambul, 26 abr (SANA) El viceministro de Asuntos Exteriores de T\u00fcrkiye, Nuh Yilmaz, reiter\u00f3 la posici\u00f3n de su pa\u00eds que llama al levantamiento de las sanciones occidentales contra Siria. La postura del diplom\u00e1tico turco fue expresada durante su reuni\u00f3n con el viceministro de Asuntos Exteriores ruso, Mikhail Bogdanov, que tuvo lugar en Estambul, inform\u00f3 la &hellip;<\/p>\n","protected":false},"author":32,"featured_media":351760,"comment_status":"closed","ping_status":"closed","sticky":false,"template":"","format":"standard","meta":{"footnotes":""},"categories":[597,20724,467,7541],"tags":[],"class_list":["post-351759","post","type-post","status-publish","format-standard","has-post-thumbnail","","category-cinta-de-noticias","category-minuto-a-minuto","category-siria-y-el-mundo","category-ultimas-noticias"],"_links":{"self":[{"href":"https:\/\/archive.sana.sy\/es\/index.php?rest_route=\/wp\/v2\/posts\/351759"}],"collection":[{"href":"https:\/\/archive.sana.sy\/es\/index.php?rest_route=\/wp\/v2\/posts"}],"about":[{"href":"https:\/\/archive.sana.sy\/es\/index.php?rest_route=\/wp\/v2\/types\/post"}],"author":[{"embeddable":true,"href":"https:\/\/archive.sana.sy\/es\/index.php?rest_route=\/wp\/v2\/users\/32"}],"replies":[{"embeddable":true,"href":"https:\/\/archive.sana.sy\/es\/index.php?rest_route=%2Fwp%2Fv2%2Fcomments&post=351759"}],"version-history":[{"count":2,"href":"https:\/\/archive.sana.sy\/es\/index.php?rest_route=\/wp\/v2\/posts\/351759\/revisions"}],"predecessor-version":[{"id":351790,"href":"https:\/\/archive.sana.sy\/es\/index.php?rest_route=\/wp\/v2\/posts\/351759\/revisions\/351790"}],"wp:featuredmedia":[{"embeddable":true,"href":"https:\/\/archive.sana.sy\/es\/index.php?rest_route=\/wp\/v2\/media\/351760"}],"wp:attachment":[{"href":"https:\/\/archive.sana.sy\/es\/index.php?rest_route=%2Fwp%2Fv2%2Fmedia&parent=351759"}],"wp:term":[{"taxonomy":"category","embeddable":true,"href":"https:\/\/archive.sana.sy\/es\/index.php?rest_route=%2Fwp%2Fv2%2Fcategories&post=351759"},{"taxonomy":"post_tag","embeddable":true,"href":"https:\/\/archive.sana.sy\/es\/index.php?rest_route=%2Fwp%2Fv2%2Ftags&post=351759"}],"curies":[{"name":"wp","href":"https:\/\/api.w.org\/{rel}","templated":true}]}}