{"id":35176,"date":"2015-12-15T14:56:12","date_gmt":"2015-12-15T12:56:12","guid":{"rendered":"http:\/\/sana.sy\/es\/?p=35176"},"modified":"2015-12-15T14:59:03","modified_gmt":"2015-12-15T12:59:03","slug":"peskov-la-unificacion-de-los-esfuerzos-antiterroristas-es-algo-positivo","status":"publish","type":"post","link":"https:\/\/archive.sana.sy\/es\/?p=35176","title":{"rendered":"Peskov: la unificaci\u00f3n de los esfuerzos antiterroristas es algo positivo"},"content":{"rendered":"<p><span style=\"color: #800000\">Mosc\u00fa, SANA<\/span><\/p>\n<p>El portavoz de la presidencia rusa Demetri Peskov, dijo que la unificaci\u00f3n de los esfuerzos para la lucha contra todas las formas del terrorismo es algo positivo, se\u00f1alando que a\u00fan es temprano para juzgar la coalici\u00f3n anunciada recientemente por el r\u00e9gimen saudita para la lucha contra el terrorismo.<\/p>\n<p>En declaraciones a la prensa, Peskov dijo que &#8220;a\u00fan no hay detalles sobre esa coalici\u00f3n y de cu\u00e1les ser\u00edan sus metas y la forma en que combatir\u00e1 al terrorismo, se\u00f1alando que desde el punto de vista geopol\u00edtico, la uni\u00f3n de los esfuerzos para la lucha contra el terrorismo es algo positivo.<\/p>\n<p>El r\u00e9gimen saudita hab\u00eda anunciado la formaci\u00f3n de lo que llam\u00f3 &#8220;Coalici\u00f3n Isl\u00e1mica Militar Antiterrorista&#8221; con sede en Riad.<\/p>\n<p>Fady M., Hala B.<\/p>\n","protected":false},"excerpt":{"rendered":"<p>Mosc\u00fa, SANA El portavoz de la presidencia rusa Demetri Peskov, dijo que la unificaci\u00f3n de los esfuerzos para la lucha contra todas las formas del terrorismo es algo positivo, se\u00f1alando que a\u00fan es temprano para juzgar la coalici\u00f3n anunciada recientemente por el r\u00e9gimen saudita para la lucha contra el terrorismo. En declaraciones a la prensa, &hellip;<\/p>\n","protected":false},"author":1,"featured_media":31647,"comment_status":"closed","ping_status":"closed","sticky":false,"template":"","format":"standard","meta":{"footnotes":""},"categories":[456,457,576],"tags":[7587],"class_list":["post-35176","post","type-post","status-publish","format-standard","has-post-thumbnail","","category-arabe-internacional-politica","category-noticias-arabe-internacional-politica","category-noticias-politicas","tag-peskov-la-unificacion-de-los-esfuerzos-antiterroristas-es-algo-positivo"],"_links":{"self":[{"href":"https:\/\/archive.sana.sy\/es\/index.php?rest_route=\/wp\/v2\/posts\/35176"}],"collection":[{"href":"https:\/\/archive.sana.sy\/es\/index.php?rest_route=\/wp\/v2\/posts"}],"about":[{"href":"https:\/\/archive.sana.sy\/es\/index.php?rest_route=\/wp\/v2\/types\/post"}],"author":[{"embeddable":true,"href":"https:\/\/archive.sana.sy\/es\/index.php?rest_route=\/wp\/v2\/users\/1"}],"replies":[{"embeddable":true,"href":"https:\/\/archive.sana.sy\/es\/index.php?rest_route=%2Fwp%2Fv2%2Fcomments&post=35176"}],"version-history":[{"count":0,"href":"https:\/\/archive.sana.sy\/es\/index.php?rest_route=\/wp\/v2\/posts\/35176\/revisions"}],"wp:featuredmedia":[{"embeddable":true,"href":"https:\/\/archive.sana.sy\/es\/index.php?rest_route=\/wp\/v2\/media\/31647"}],"wp:attachment":[{"href":"https:\/\/archive.sana.sy\/es\/index.php?rest_route=%2Fwp%2Fv2%2Fmedia&parent=35176"}],"wp:term":[{"taxonomy":"category","embeddable":true,"href":"https:\/\/archive.sana.sy\/es\/index.php?rest_route=%2Fwp%2Fv2%2Fcategories&post=35176"},{"taxonomy":"post_tag","embeddable":true,"href":"https:\/\/archive.sana.sy\/es\/index.php?rest_route=%2Fwp%2Fv2%2Ftags&post=35176"}],"curies":[{"name":"wp","href":"https:\/\/api.w.org\/{rel}","templated":true}]}}