{"id":351762,"date":"2025-04-26T12:10:10","date_gmt":"2025-04-26T09:10:10","guid":{"rendered":"https:\/\/sana.sy\/es\/?p=351762"},"modified":"2025-04-26T17:08:56","modified_gmt":"2025-04-26T14:08:56","slug":"alemania-saluda-el-izamiento-de-la-bandera-siria-en-onu","status":"publish","type":"post","link":"https:\/\/archive.sana.sy\/es\/?p=351762","title":{"rendered":"Alemania saluda el izamiento de la bandera siria en ONU"},"content":{"rendered":"<p style=\"text-align: justify;\"><strong><span style=\"color: #800000;\">Berl\u00edn, 26 abr (SANA)\u00a0<\/span><\/strong> El enviado de Alemania para Siria, Stefan Schenk, aplaudi\u00f3 el izamiento de la nueva bandera de Siria en la sede de las Naciones Unidas en Nueva York.<\/p>\n<p style=\"text-align: justify;\">&#8220;Es un d\u00eda hist\u00f3rico. Siria se reincorpor\u00f3 a la comunidad internacional mientras luchamos por los derechos humanos, y buscamos poner fin a la tortura, el hambre y el conflicto armado&#8221;, dijo Schenk en una publicaci\u00f3n en la plataforma X.<\/p>\n<p style=\"text-align: justify;\">Agreg\u00f3 que su pa\u00eds necesita socios en esta lucha por la humanidad, y que Alemania est\u00e1 dispuesta a ayudar a Siria a convertirse en socio al respecto.<\/p>\n","protected":false},"excerpt":{"rendered":"<p>Berl\u00edn, 26 abr (SANA)\u00a0 El enviado de Alemania para Siria, Stefan Schenk, aplaudi\u00f3 el izamiento de la nueva bandera de Siria en la sede de las Naciones Unidas en Nueva York. &#8220;Es un d\u00eda hist\u00f3rico. Siria se reincorpor\u00f3 a la comunidad internacional mientras luchamos por los derechos humanos, y buscamos poner fin a la tortura, &hellip;<\/p>\n","protected":false},"author":32,"featured_media":351763,"comment_status":"closed","ping_status":"closed","sticky":false,"template":"","format":"standard","meta":{"footnotes":""},"categories":[597,20724,467,7541],"tags":[],"class_list":["post-351762","post","type-post","status-publish","format-standard","has-post-thumbnail","","category-cinta-de-noticias","category-minuto-a-minuto","category-siria-y-el-mundo","category-ultimas-noticias"],"_links":{"self":[{"href":"https:\/\/archive.sana.sy\/es\/index.php?rest_route=\/wp\/v2\/posts\/351762"}],"collection":[{"href":"https:\/\/archive.sana.sy\/es\/index.php?rest_route=\/wp\/v2\/posts"}],"about":[{"href":"https:\/\/archive.sana.sy\/es\/index.php?rest_route=\/wp\/v2\/types\/post"}],"author":[{"embeddable":true,"href":"https:\/\/archive.sana.sy\/es\/index.php?rest_route=\/wp\/v2\/users\/32"}],"replies":[{"embeddable":true,"href":"https:\/\/archive.sana.sy\/es\/index.php?rest_route=%2Fwp%2Fv2%2Fcomments&post=351762"}],"version-history":[{"count":2,"href":"https:\/\/archive.sana.sy\/es\/index.php?rest_route=\/wp\/v2\/posts\/351762\/revisions"}],"predecessor-version":[{"id":351789,"href":"https:\/\/archive.sana.sy\/es\/index.php?rest_route=\/wp\/v2\/posts\/351762\/revisions\/351789"}],"wp:featuredmedia":[{"embeddable":true,"href":"https:\/\/archive.sana.sy\/es\/index.php?rest_route=\/wp\/v2\/media\/351763"}],"wp:attachment":[{"href":"https:\/\/archive.sana.sy\/es\/index.php?rest_route=%2Fwp%2Fv2%2Fmedia&parent=351762"}],"wp:term":[{"taxonomy":"category","embeddable":true,"href":"https:\/\/archive.sana.sy\/es\/index.php?rest_route=%2Fwp%2Fv2%2Fcategories&post=351762"},{"taxonomy":"post_tag","embeddable":true,"href":"https:\/\/archive.sana.sy\/es\/index.php?rest_route=%2Fwp%2Fv2%2Ftags&post=351762"}],"curies":[{"name":"wp","href":"https:\/\/api.w.org\/{rel}","templated":true}]}}