{"id":351771,"date":"2025-04-26T12:41:44","date_gmt":"2025-04-26T09:41:44","guid":{"rendered":"https:\/\/sana.sy\/es\/?p=351771"},"modified":"2025-04-26T12:41:44","modified_gmt":"2025-04-26T09:41:44","slug":"ue-pretende-financiar-actividades-de-desminado-en-siria","status":"publish","type":"post","link":"https:\/\/archive.sana.sy\/es\/?p=351771","title":{"rendered":"UE pretende financiar actividades de desminado en Siria"},"content":{"rendered":"<p style=\"text-align: justify;\"><strong>\u00a0<span style=\"color: #800000;\">Bruselas, 26 abr (SANA)\u00a0<\/span><\/strong> El Encargado de Negocios de la Delegaci\u00f3n de la Uni\u00f3n Europea en Siria, Michael Ohnmacht, declar\u00f3 que la UE planea financiar las actividades de eliminaci\u00f3n de minas en Siria.<\/p>\n<p style=\"text-align: justify;\">\u201cLa educaci\u00f3n sobre el peligro de las minas en las escuelas es esencial\u201d, dijo Ohnmacht en su cuenta de X tras su visita a una escuela en la localidad de Daraya, al sur de Damasco.<\/p>\n<p style=\"text-align: justify;\">Expres\u00f3 su agradecimiento al Servicio de Remoci\u00f3n de Minas de las Naciones Unidas (UNMAS) y a las autoridades docentes sirias por su excelente organizaci\u00f3n.<\/p>\n<p style=\"text-align: justify;\">\n","protected":false},"excerpt":{"rendered":"<p>\u00a0Bruselas, 26 abr (SANA)\u00a0 El Encargado de Negocios de la Delegaci\u00f3n de la Uni\u00f3n Europea en Siria, Michael Ohnmacht, declar\u00f3 que la UE planea financiar las actividades de eliminaci\u00f3n de minas en Siria. \u201cLa educaci\u00f3n sobre el peligro de las minas en las escuelas es esencial\u201d, dijo Ohnmacht en su cuenta de X tras su &hellip;<\/p>\n","protected":false},"author":32,"featured_media":351772,"comment_status":"closed","ping_status":"closed","sticky":false,"template":"","format":"standard","meta":{"footnotes":""},"categories":[597,20724,467,7541],"tags":[],"class_list":["post-351771","post","type-post","status-publish","format-standard","has-post-thumbnail","","category-cinta-de-noticias","category-minuto-a-minuto","category-siria-y-el-mundo","category-ultimas-noticias"],"_links":{"self":[{"href":"https:\/\/archive.sana.sy\/es\/index.php?rest_route=\/wp\/v2\/posts\/351771"}],"collection":[{"href":"https:\/\/archive.sana.sy\/es\/index.php?rest_route=\/wp\/v2\/posts"}],"about":[{"href":"https:\/\/archive.sana.sy\/es\/index.php?rest_route=\/wp\/v2\/types\/post"}],"author":[{"embeddable":true,"href":"https:\/\/archive.sana.sy\/es\/index.php?rest_route=\/wp\/v2\/users\/32"}],"replies":[{"embeddable":true,"href":"https:\/\/archive.sana.sy\/es\/index.php?rest_route=%2Fwp%2Fv2%2Fcomments&post=351771"}],"version-history":[{"count":1,"href":"https:\/\/archive.sana.sy\/es\/index.php?rest_route=\/wp\/v2\/posts\/351771\/revisions"}],"predecessor-version":[{"id":351773,"href":"https:\/\/archive.sana.sy\/es\/index.php?rest_route=\/wp\/v2\/posts\/351771\/revisions\/351773"}],"wp:featuredmedia":[{"embeddable":true,"href":"https:\/\/archive.sana.sy\/es\/index.php?rest_route=\/wp\/v2\/media\/351772"}],"wp:attachment":[{"href":"https:\/\/archive.sana.sy\/es\/index.php?rest_route=%2Fwp%2Fv2%2Fmedia&parent=351771"}],"wp:term":[{"taxonomy":"category","embeddable":true,"href":"https:\/\/archive.sana.sy\/es\/index.php?rest_route=%2Fwp%2Fv2%2Fcategories&post=351771"},{"taxonomy":"post_tag","embeddable":true,"href":"https:\/\/archive.sana.sy\/es\/index.php?rest_route=%2Fwp%2Fv2%2Ftags&post=351771"}],"curies":[{"name":"wp","href":"https:\/\/api.w.org\/{rel}","templated":true}]}}