{"id":351791,"date":"2025-04-26T17:30:46","date_gmt":"2025-04-26T14:30:46","guid":{"rendered":"https:\/\/sana.sy\/es\/?p=351791"},"modified":"2025-04-26T19:43:25","modified_gmt":"2025-04-26T16:43:25","slug":"yemen-abre-su-embajada-en-damasco","status":"publish","type":"post","link":"https:\/\/archive.sana.sy\/es\/?p=351791","title":{"rendered":"Yemen abre su embajada en Damasco"},"content":{"rendered":"<p style=\"text-align: justify;\"><span style=\"color: #800000;\"><strong>Damasco, 26 abr (SANA)\u00a0 \u00a0<\/strong><\/span>La Embajada de la Rep\u00fablica de Yemen en Damasco fue inaugurada en presencia del Equipo de la Administraci\u00f3n \u00c1rabe del Ministerio de Asuntos Exteriores y Expatriados.<\/p>\n<p style=\"text-align: justify;\">El Ministerio de Asuntos Exteriores de Yemen anunci\u00f3 esta ma\u00f1ana la reanudaci\u00f3n del trabajo de su Embajada en Damasco a partir del 27 del mes en curso y el nombramiento del consejero Mohammad Ezzi Baakar como encargado de negocios interino.<\/p>\n<p style=\"text-align: justify;\">\u201cEsta decisi\u00f3n se produjo en cumplimiento de las directivas del Ministro de Asuntos Exteriores y Expatriados de Yemen, Shaye Mohsen Al-Zindani, y Su Excelencia Asaad Al-Shaibani, Ministro de Asuntos Exteriores de Siria, como consecuencia de los v\u00ednculos hist\u00f3ricas y privilegiadas entre los dos pa\u00edses y pueblos hermanos\u201d, indic\u00f3 la Canciller\u00eda yemen\u00ed en un comunicado.<\/p>\n<p style=\"text-align: justify;\">Se\u00f1al\u00f3 que la reanudaci\u00f3n de las funciones de la Embajada, luego de que las milicias terroristas hut\u00edes tomaron el control de la misma en a\u00f1o 2016, con el apoyo del antiguo r\u00e9gimen sirio, marca un momento hist\u00f3rico en las relaciones diplom\u00e1ticas entre los dos pa\u00edses.<\/p>\n<p style=\"text-align: justify;\">\u201cEsperamos que la reapertura de la Embajada llevar\u00eda a fortalecer las relaciones bilaterales entre Yemen y Siria en diversos campos\u201d, destac\u00f3.<\/p>\n<div id='gallery-1' class='gallery galleryid-351791 gallery-columns-1 gallery-size-full'><figure class='gallery-item'>\n\t\t\t<div class='gallery-icon landscape'>\n\t\t\t\t<a href='https:\/\/archive.sana.sy\/es\/wp-content\/uploads\/2025\/04\/photo_2025-04-26_17-04-08-copy.jpg'><img loading=\"lazy\" decoding=\"async\" width=\"660\" height=\"371\" src=\"https:\/\/archive.sana.sy\/es\/wp-content\/uploads\/2025\/04\/photo_2025-04-26_17-04-08-copy.jpg\" class=\"attachment-full size-full\" alt=\"\" srcset=\"https:\/\/archive.sana.sy\/es\/wp-content\/uploads\/2025\/04\/photo_2025-04-26_17-04-08-copy.jpg 660w, https:\/\/archive.sana.sy\/es\/wp-content\/uploads\/2025\/04\/photo_2025-04-26_17-04-08-copy-300x169.jpg 300w, https:\/\/archive.sana.sy\/es\/wp-content\/uploads\/2025\/04\/photo_2025-04-26_17-04-08-copy-150x84.jpg 150w\" sizes=\"(max-width: 660px) 100vw, 660px\" \/><\/a>\n\t\t\t<\/div><\/figure><figure class='gallery-item'>\n\t\t\t<div class='gallery-icon landscape'>\n\t\t\t\t<a href='https:\/\/archive.sana.sy\/es\/wp-content\/uploads\/2025\/04\/photo_2025-04-26_17-04-08-4-copy.jpg'><img loading=\"lazy\" decoding=\"async\" width=\"660\" height=\"371\" src=\"https:\/\/archive.sana.sy\/es\/wp-content\/uploads\/2025\/04\/photo_2025-04-26_17-04-08-4-copy.jpg\" class=\"attachment-full size-full\" alt=\"\" srcset=\"https:\/\/archive.sana.sy\/es\/wp-content\/uploads\/2025\/04\/photo_2025-04-26_17-04-08-4-copy.jpg 660w, https:\/\/archive.sana.sy\/es\/wp-content\/uploads\/2025\/04\/photo_2025-04-26_17-04-08-4-copy-300x169.jpg 300w, https:\/\/archive.sana.sy\/es\/wp-content\/uploads\/2025\/04\/photo_2025-04-26_17-04-08-4-copy-150x84.jpg 150w\" sizes=\"(max-width: 660px) 100vw, 660px\" \/><\/a>\n\t\t\t<\/div><\/figure><figure class='gallery-item'>\n\t\t\t<div class='gallery-icon landscape'>\n\t\t\t\t<a href='https:\/\/archive.sana.sy\/es\/wp-content\/uploads\/2025\/04\/photo_2025-04-26_17-04-08-3-copy.jpg'><img loading=\"lazy\" decoding=\"async\" width=\"660\" height=\"371\" src=\"https:\/\/archive.sana.sy\/es\/wp-content\/uploads\/2025\/04\/photo_2025-04-26_17-04-08-3-copy.jpg\" class=\"attachment-full size-full\" alt=\"\" srcset=\"https:\/\/archive.sana.sy\/es\/wp-content\/uploads\/2025\/04\/photo_2025-04-26_17-04-08-3-copy.jpg 660w, https:\/\/archive.sana.sy\/es\/wp-content\/uploads\/2025\/04\/photo_2025-04-26_17-04-08-3-copy-300x169.jpg 300w, https:\/\/archive.sana.sy\/es\/wp-content\/uploads\/2025\/04\/photo_2025-04-26_17-04-08-3-copy-150x84.jpg 150w\" sizes=\"(max-width: 660px) 100vw, 660px\" \/><\/a>\n\t\t\t<\/div><\/figure>\n\t\t<\/div>\n\n","protected":false},"excerpt":{"rendered":"<p>Damasco, 26 abr (SANA)\u00a0 \u00a0La Embajada de la Rep\u00fablica de Yemen en Damasco fue inaugurada en presencia del Equipo de la Administraci\u00f3n \u00c1rabe del Ministerio de Asuntos Exteriores y Expatriados. El Ministerio de Asuntos Exteriores de Yemen anunci\u00f3 esta ma\u00f1ana la reanudaci\u00f3n del trabajo de su Embajada en Damasco a partir del 27 del mes &hellip;<\/p>\n","protected":false},"author":31,"featured_media":351792,"comment_status":"closed","ping_status":"closed","sticky":false,"template":"","format":"standard","meta":{"footnotes":""},"categories":[597,476,7541],"tags":[],"class_list":["post-351791","post","type-post","status-publish","format-standard","has-post-thumbnail","","category-cinta-de-noticias","category-locales","category-ultimas-noticias"],"_links":{"self":[{"href":"https:\/\/archive.sana.sy\/es\/index.php?rest_route=\/wp\/v2\/posts\/351791"}],"collection":[{"href":"https:\/\/archive.sana.sy\/es\/index.php?rest_route=\/wp\/v2\/posts"}],"about":[{"href":"https:\/\/archive.sana.sy\/es\/index.php?rest_route=\/wp\/v2\/types\/post"}],"author":[{"embeddable":true,"href":"https:\/\/archive.sana.sy\/es\/index.php?rest_route=\/wp\/v2\/users\/31"}],"replies":[{"embeddable":true,"href":"https:\/\/archive.sana.sy\/es\/index.php?rest_route=%2Fwp%2Fv2%2Fcomments&post=351791"}],"version-history":[{"count":4,"href":"https:\/\/archive.sana.sy\/es\/index.php?rest_route=\/wp\/v2\/posts\/351791\/revisions"}],"predecessor-version":[{"id":351808,"href":"https:\/\/archive.sana.sy\/es\/index.php?rest_route=\/wp\/v2\/posts\/351791\/revisions\/351808"}],"wp:featuredmedia":[{"embeddable":true,"href":"https:\/\/archive.sana.sy\/es\/index.php?rest_route=\/wp\/v2\/media\/351792"}],"wp:attachment":[{"href":"https:\/\/archive.sana.sy\/es\/index.php?rest_route=%2Fwp%2Fv2%2Fmedia&parent=351791"}],"wp:term":[{"taxonomy":"category","embeddable":true,"href":"https:\/\/archive.sana.sy\/es\/index.php?rest_route=%2Fwp%2Fv2%2Fcategories&post=351791"},{"taxonomy":"post_tag","embeddable":true,"href":"https:\/\/archive.sana.sy\/es\/index.php?rest_route=%2Fwp%2Fv2%2Ftags&post=351791"}],"curies":[{"name":"wp","href":"https:\/\/api.w.org\/{rel}","templated":true}]}}