{"id":351802,"date":"2025-04-26T18:44:48","date_gmt":"2025-04-26T15:44:48","guid":{"rendered":"https:\/\/sana.sy\/es\/?p=351802"},"modified":"2025-04-26T18:44:48","modified_gmt":"2025-04-26T15:44:48","slug":"canciller-sirio-se-reune-con-secretaria-general-adjunta-de-asuntos-politicos-y-de-consolidacion-de-la-paz","status":"publish","type":"post","link":"https:\/\/archive.sana.sy\/es\/?p=351802","title":{"rendered":"Canciller sirio se re\u00fane con Secretaria General Adjunta de Asuntos Pol\u00edticos y de Consolidaci\u00f3n de la Paz"},"content":{"rendered":"<p style=\"text-align: justify;\"><span style=\"color: #800000;\"><strong>Nueva York, 26 abr (SANA)<\/strong><\/span>\u00a0 El Ministro de Asuntos Exteriores y Expatriados de Siria, Asaad Al-Shaibani, se reuni\u00f3 en Nueva York con Rosemary DiCarlo, Secretaria General Adjunta de Asuntos Pol\u00edticos y de Consolidaci\u00f3n de la Paz de las Naciones Unidas.<\/p>\n","protected":false},"excerpt":{"rendered":"<p>Nueva York, 26 abr (SANA)\u00a0 El Ministro de Asuntos Exteriores y Expatriados de Siria, Asaad Al-Shaibani, se reuni\u00f3 en Nueva York con Rosemary DiCarlo, Secretaria General Adjunta de Asuntos Pol\u00edticos y de Consolidaci\u00f3n de la Paz de las Naciones Unidas.<\/p>\n","protected":false},"author":31,"featured_media":351803,"comment_status":"closed","ping_status":"closed","sticky":false,"template":"","format":"standard","meta":{"footnotes":""},"categories":[597,467,7541],"tags":[],"class_list":["post-351802","post","type-post","status-publish","format-standard","has-post-thumbnail","","category-cinta-de-noticias","category-siria-y-el-mundo","category-ultimas-noticias"],"_links":{"self":[{"href":"https:\/\/archive.sana.sy\/es\/index.php?rest_route=\/wp\/v2\/posts\/351802"}],"collection":[{"href":"https:\/\/archive.sana.sy\/es\/index.php?rest_route=\/wp\/v2\/posts"}],"about":[{"href":"https:\/\/archive.sana.sy\/es\/index.php?rest_route=\/wp\/v2\/types\/post"}],"author":[{"embeddable":true,"href":"https:\/\/archive.sana.sy\/es\/index.php?rest_route=\/wp\/v2\/users\/31"}],"replies":[{"embeddable":true,"href":"https:\/\/archive.sana.sy\/es\/index.php?rest_route=%2Fwp%2Fv2%2Fcomments&post=351802"}],"version-history":[{"count":1,"href":"https:\/\/archive.sana.sy\/es\/index.php?rest_route=\/wp\/v2\/posts\/351802\/revisions"}],"predecessor-version":[{"id":351804,"href":"https:\/\/archive.sana.sy\/es\/index.php?rest_route=\/wp\/v2\/posts\/351802\/revisions\/351804"}],"wp:featuredmedia":[{"embeddable":true,"href":"https:\/\/archive.sana.sy\/es\/index.php?rest_route=\/wp\/v2\/media\/351803"}],"wp:attachment":[{"href":"https:\/\/archive.sana.sy\/es\/index.php?rest_route=%2Fwp%2Fv2%2Fmedia&parent=351802"}],"wp:term":[{"taxonomy":"category","embeddable":true,"href":"https:\/\/archive.sana.sy\/es\/index.php?rest_route=%2Fwp%2Fv2%2Fcategories&post=351802"},{"taxonomy":"post_tag","embeddable":true,"href":"https:\/\/archive.sana.sy\/es\/index.php?rest_route=%2Fwp%2Fv2%2Ftags&post=351802"}],"curies":[{"name":"wp","href":"https:\/\/api.w.org\/{rel}","templated":true}]}}