{"id":35183,"date":"2015-12-15T17:44:37","date_gmt":"2015-12-15T15:44:37","guid":{"rendered":"http:\/\/sana.sy\/es\/?p=35183"},"modified":"2015-12-15T17:44:37","modified_gmt":"2015-12-15T15:44:37","slug":"gabinete-debate-en-su-sesion-semanal-varios-asuntos-economicos","status":"publish","type":"post","link":"https:\/\/archive.sana.sy\/es\/?p=35183","title":{"rendered":"Gabinete debate en su sesi\u00f3n semanal varios asuntos econ\u00f3micos"},"content":{"rendered":"<p><span style=\"color: #800000\">Damasco, SANA<\/span><\/p>\n<p>El Gabinete debati\u00f3 este martes varios asuntos econ\u00f3micos, el rendimiento de algunos sectores, y las medidas econ\u00f3micas tomadas para hacer frente a los retos diarios.<\/p>\n<p>Al iniciar la sesi\u00f3n semanal de este martes, el Consejo de Ministros conden\u00f3 los \u00faltimos atentados terroristas que sacudieron distintas provincias sirias.<\/p>\n<p>En este contexto, el primer ministro, Wael al-Halqui resalt\u00f3 que los avances del ej\u00e9rcito sirio y el \u00e9xito del proceso de la reconciliaci\u00f3n nacional atemorizaron a los enemigos de la patria, por ello decidieron azotar con su odio a los inocentes.<\/p>\n<p>En otro contexto, el jefe del Gabinete destac\u00f3 la importancia de buscar nuevos mercados de los productos sirios en los pa\u00edses amigos, haciendo alusi\u00f3n a la inauguraci\u00f3n del Complejo de Exportaciones e Importaciones sirio-ruso en la provincia costera de Latakia.<\/p>\n<p>Y con motivo del aniversario de la Intifada de nuestros compatriotas en el Gol\u00e1n sirio ocupado contra el ocupante sionista, al-Halqui apreci\u00f3 altamente la resistencia de los golaneses y su apego a la identidad \u00e1rabe siria.<\/p>\n<p>A su vez, el jefe de la diplomacia siria, Walid al-Moallem hizo una panor\u00e1mica sobre los \u00faltimos acontecimientos a nivel regional e internacional y sus repercusiones sobre el escenario sirio, reiterando que la soluci\u00f3n pol\u00edtica en Siria se desarrollar\u00e1 en paralelo con la lucha antiterrorista.<\/p>\n<p>Recalc\u00f3 que cualquier persona que porta armas en contra del Estado sirio es terrorista.<\/p>\n<p>Al-Moallem destac\u00f3 que el Estado sirio tiene \u201cuna voluntad real\u201d de tratar con todas las iniciativas internacionales encaminadas a buscar una soluci\u00f3n de la crisis siria sin injerencias extranjeras.<\/p>\n<p>Asimismo enfatiz\u00f3 que \u201cel pueblo sirio es el que decide por s\u00ed mismo el destino de su patria, y ninguna parte tiene derecho a intervenir en los asuntos internos de Siria\u201d, asever\u00f3.<\/p>\n<p>&nbsp;<\/p>\n<p>&nbsp;<\/p>\n<p>&nbsp;<\/p>\n<p>Lynn A.<\/p>\n","protected":false},"excerpt":{"rendered":"<p>Damasco, SANA El Gabinete debati\u00f3 este martes varios asuntos econ\u00f3micos, el rendimiento de algunos sectores, y las medidas econ\u00f3micas tomadas para hacer frente a los retos diarios. Al iniciar la sesi\u00f3n semanal de este martes, el Consejo de Ministros conden\u00f3 los \u00faltimos atentados terroristas que sacudieron distintas provincias sirias. En este contexto, el primer ministro, &hellip;<\/p>\n","protected":false},"author":24,"featured_media":28537,"comment_status":"closed","ping_status":"closed","sticky":false,"template":"","format":"standard","meta":{"footnotes":""},"categories":[477,597,476,583,7541],"tags":[],"class_list":["post-35183","post","type-post","status-publish","format-standard","has-post-thumbnail","","category-noticias-edulcorantes","category-cinta-de-noticias","category-locales","category-slide","category-ultimas-noticias"],"_links":{"self":[{"href":"https:\/\/archive.sana.sy\/es\/index.php?rest_route=\/wp\/v2\/posts\/35183"}],"collection":[{"href":"https:\/\/archive.sana.sy\/es\/index.php?rest_route=\/wp\/v2\/posts"}],"about":[{"href":"https:\/\/archive.sana.sy\/es\/index.php?rest_route=\/wp\/v2\/types\/post"}],"author":[{"embeddable":true,"href":"https:\/\/archive.sana.sy\/es\/index.php?rest_route=\/wp\/v2\/users\/24"}],"replies":[{"embeddable":true,"href":"https:\/\/archive.sana.sy\/es\/index.php?rest_route=%2Fwp%2Fv2%2Fcomments&post=35183"}],"version-history":[{"count":0,"href":"https:\/\/archive.sana.sy\/es\/index.php?rest_route=\/wp\/v2\/posts\/35183\/revisions"}],"wp:featuredmedia":[{"embeddable":true,"href":"https:\/\/archive.sana.sy\/es\/index.php?rest_route=\/wp\/v2\/media\/28537"}],"wp:attachment":[{"href":"https:\/\/archive.sana.sy\/es\/index.php?rest_route=%2Fwp%2Fv2%2Fmedia&parent=35183"}],"wp:term":[{"taxonomy":"category","embeddable":true,"href":"https:\/\/archive.sana.sy\/es\/index.php?rest_route=%2Fwp%2Fv2%2Fcategories&post=35183"},{"taxonomy":"post_tag","embeddable":true,"href":"https:\/\/archive.sana.sy\/es\/index.php?rest_route=%2Fwp%2Fv2%2Ftags&post=35183"}],"curies":[{"name":"wp","href":"https:\/\/api.w.org\/{rel}","templated":true}]}}