{"id":35195,"date":"2015-12-15T22:34:59","date_gmt":"2015-12-15T20:34:59","guid":{"rendered":"http:\/\/sana.sy\/es\/?p=35195"},"modified":"2015-12-15T22:53:45","modified_gmt":"2015-12-15T20:53:45","slug":"putin-discutira-con-kerry-las-propuestas-de-washington-para-resolver-la-crisis-siria","status":"publish","type":"post","link":"https:\/\/archive.sana.sy\/es\/?p=35195","title":{"rendered":"Lavrorv: apoyamos la celebraci\u00f3n de una conferencia internacional sobre Siria en Nueva York"},"content":{"rendered":"<p style=\"text-align: justify\"><span style=\"color: #800000\">Mosc\u00fa, SANA<\/span>&#8211;\u00a0El Ministro de Relaciones Exteriores ruso, Sergei Lavrov, dijo que Rusia y Estados Unidos se han acordado de seguir trabajando juntos para determinar las dos listas en relaci\u00f3n a los terroristas y a la oposici\u00f3n moderada en Siria.<\/p>\n<p style=\"text-align: justify\">Lavrov dijo en una conferencia de prensa en Mosc\u00fa tras la reuni\u00f3n del presidente ruso, Vladimir Putin, con el secretario de Estado estadounidense, John Kerry, que Mosc\u00fa y Washington han acordado sobre los pr\u00f3ximos pasos que har\u00e1n la tarea de luchar contra el terrorismo m\u00e1s coordinada, expresando el apoyo de Mosc\u00fa para la celebraci\u00f3n de una conferencia internacional sobre Siria a nivel de ministros de Relaciones Exteriores en Nueva York el Viernes que viene.<\/p>\n<p style=\"text-align: justify\">Kerry, por su parte, explic\u00f3 que las conversaciones abordaron tambi\u00e9n los acuerdos que se han alcanzado entre los militares rusos y estadounidenses, y sobre los acuerdos relacionados con las fuerzas de la coalici\u00f3n liderada por Estados Unidos, indicando que desde el punto de vista pr\u00e1ctico se ha acordado sobre algunas medidas que har\u00e1n que la tarea sea m\u00e1s coordinada y eficaz.<\/p>\n<p style=\"text-align: justify\">Kerry tambi\u00e9n asegur\u00f3 la celebraci\u00f3n de la conferencia sobre Siria que tendr\u00e1 lugar el pr\u00f3ximo viernes en Nueva York, se\u00f1alando que Washington y Mosc\u00fa discutieron el intercambio de informaci\u00f3n sobre el desarrollo de las operaciones contra los terroristas sitios en Siria.<\/p>\n<p style=\"text-align: justify\"><span style=\"color: #0000ff\">Putin discutir\u00e1 con Kerry las propuestas de Washington para resolver la crisis siria<\/span><\/p>\n<p style=\"text-align: justify\"><a href=\"http:\/\/sana.sy\/es\/?attachment_id=35196\" rel=\"attachment wp-att-35196\"><img loading=\"lazy\" decoding=\"async\" class=\"size-medium wp-image-35196 aligncenter\" src=\"http:\/\/sana.sy\/es\/wp-content\/uploads\/2015\/12\/3214-660x330-300x150.jpg\" alt=\"3214-660x330\" width=\"300\" height=\"150\" srcset=\"https:\/\/archive.sana.sy\/es\/wp-content\/uploads\/2015\/12\/3214-660x330-300x150.jpg 300w, https:\/\/archive.sana.sy\/es\/wp-content\/uploads\/2015\/12\/3214-660x330-150x75.jpg 150w, https:\/\/archive.sana.sy\/es\/wp-content\/uploads\/2015\/12\/3214-660x330.jpg 660w\" sizes=\"(max-width: 300px) 100vw, 300px\" \/><\/a><\/p>\n<p style=\"text-align: justify\">El presidente ruso, Vlad\u00edmir Putin, anunci\u00f3 las propuestas de Washington para resolver el conflicto sirio ser\u00e1n el tema de discusi\u00f3n con el secretario de Estado estadounidense, John Kerry.<\/p>\n<p style=\"text-align: justify\">&#8220;Estamos buscando juntos soluciones a las crisis m\u00e1s complicadas&#8221;, dijo Putin al iniciar una reuni\u00f3n con el secretario de Estado de EEUU, John Kerry, de visita en Mosc\u00fa.<\/p>\n<p style=\"text-align: justify\">El presidente tambi\u00e9n resalt\u00f3 que, despu\u00e9s de reunirse con Kerry, este martes el ministro ruso de Exteriores, Sergu\u00e9i Lavrov, inform\u00f3 al mandatario ruso sobre las propuestas de EEUU y los asuntos pendientes que hay que examinar.<\/p>\n<p style=\"text-align: justify\">&#8220;Hoy han tenido lugar unas sustanciales negociaciones en el Ministerio de Exteriores&#8221;, concluy\u00f3 el mandatario ruso y agreg\u00f3 que se alegra de la posibilidad de reunirse con el secretario de Estado.<\/p>\n<p style=\"text-align: justify\">A su vez, Kerry agradeci\u00f3 la hospitalidad del mandatario ruso y afirm\u00f3 que Rusia y EEUU realizan unos esfuerzos &#8220;realmente conjuntos que se basan en la cooperaci\u00f3n&#8221;.<\/p>\n<p style=\"text-align: justify\">\u201clas conversaciones de Viena sobre Siria abren toda una nueva gama de oportunidades y que, juntos, Rusia y EE.UU. pueden hacer mucho\u201d dijo el titular estadounidense.<\/p>\n<p>M.Miri<\/p>\n","protected":false},"excerpt":{"rendered":"<p>Mosc\u00fa, SANA&#8211;\u00a0El Ministro de Relaciones Exteriores ruso, Sergei Lavrov, dijo que Rusia y Estados Unidos se han acordado de seguir trabajando juntos para determinar las dos listas en relaci\u00f3n a los terroristas y a la oposici\u00f3n moderada en Siria. Lavrov dijo en una conferencia de prensa en Mosc\u00fa tras la reuni\u00f3n del presidente ruso, Vladimir &hellip;<\/p>\n","protected":false},"author":1,"featured_media":35213,"comment_status":"closed","ping_status":"closed","sticky":false,"template":"","format":"standard","meta":{"footnotes":""},"categories":[457,576,583,7541],"tags":[7592,7588],"class_list":["post-35195","post","type-post","status-publish","format-standard","has-post-thumbnail","","category-noticias-arabe-internacional-politica","category-noticias-politicas","category-slide","category-ultimas-noticias","tag-lavrorv-apoyamos-la-celebracion-de-una-conferencia-internacional-sobre-siria-en-nueva-york","tag-putin-discutira-con-kerry-las-propuestas-de-washington-para-resolver-la-crisis-siria"],"_links":{"self":[{"href":"https:\/\/archive.sana.sy\/es\/index.php?rest_route=\/wp\/v2\/posts\/35195"}],"collection":[{"href":"https:\/\/archive.sana.sy\/es\/index.php?rest_route=\/wp\/v2\/posts"}],"about":[{"href":"https:\/\/archive.sana.sy\/es\/index.php?rest_route=\/wp\/v2\/types\/post"}],"author":[{"embeddable":true,"href":"https:\/\/archive.sana.sy\/es\/index.php?rest_route=\/wp\/v2\/users\/1"}],"replies":[{"embeddable":true,"href":"https:\/\/archive.sana.sy\/es\/index.php?rest_route=%2Fwp%2Fv2%2Fcomments&post=35195"}],"version-history":[{"count":0,"href":"https:\/\/archive.sana.sy\/es\/index.php?rest_route=\/wp\/v2\/posts\/35195\/revisions"}],"wp:featuredmedia":[{"embeddable":true,"href":"https:\/\/archive.sana.sy\/es\/index.php?rest_route=\/wp\/v2\/media\/35213"}],"wp:attachment":[{"href":"https:\/\/archive.sana.sy\/es\/index.php?rest_route=%2Fwp%2Fv2%2Fmedia&parent=35195"}],"wp:term":[{"taxonomy":"category","embeddable":true,"href":"https:\/\/archive.sana.sy\/es\/index.php?rest_route=%2Fwp%2Fv2%2Fcategories&post=35195"},{"taxonomy":"post_tag","embeddable":true,"href":"https:\/\/archive.sana.sy\/es\/index.php?rest_route=%2Fwp%2Fv2%2Ftags&post=35195"}],"curies":[{"name":"wp","href":"https:\/\/api.w.org\/{rel}","templated":true}]}}