{"id":351961,"date":"2025-04-28T18:42:23","date_gmt":"2025-04-28T15:42:23","guid":{"rendered":"https:\/\/sana.sy\/es\/?p=351961"},"modified":"2025-04-28T18:42:23","modified_gmt":"2025-04-28T15:42:23","slug":"canciller-sirio-se-reune-con-el-director-general-del-oiea","status":"publish","type":"post","link":"https:\/\/archive.sana.sy\/es\/?p=351961","title":{"rendered":"Canciller sirio se re\u00fane con el director general del OIEA"},"content":{"rendered":"<p style=\"text-align: justify;\"><span style=\"color: #800000;\"><strong>Nueva York, 28 abr (SANA)\u00a0<\/strong><\/span> \u00a0El ministro de Asuntos Exteriores y Expatriados, Asaad Al-Shaibani, se reuni\u00f3 en la ciudad de Nueva York, con el director general del Organismo Internacional de Energ\u00eda At\u00f3mica (OIEA), Rafael Grossi.<\/p>\n<div id='gallery-1' class='gallery galleryid-351961 gallery-columns-1 gallery-size-full'><figure class='gallery-item'>\n\t\t\t<div class='gallery-icon landscape'>\n\t\t\t\t<a href='https:\/\/archive.sana.sy\/es\/wp-content\/uploads\/2025\/04\/photo_2025-04-28_18-21-53.jpg'><img loading=\"lazy\" decoding=\"async\" width=\"1280\" height=\"960\" src=\"https:\/\/archive.sana.sy\/es\/wp-content\/uploads\/2025\/04\/photo_2025-04-28_18-21-53.jpg\" class=\"attachment-full size-full\" alt=\"\" srcset=\"https:\/\/archive.sana.sy\/es\/wp-content\/uploads\/2025\/04\/photo_2025-04-28_18-21-53.jpg 1280w, https:\/\/archive.sana.sy\/es\/wp-content\/uploads\/2025\/04\/photo_2025-04-28_18-21-53-300x225.jpg 300w, https:\/\/archive.sana.sy\/es\/wp-content\/uploads\/2025\/04\/photo_2025-04-28_18-21-53-1024x768.jpg 1024w, https:\/\/archive.sana.sy\/es\/wp-content\/uploads\/2025\/04\/photo_2025-04-28_18-21-53-150x113.jpg 150w, https:\/\/archive.sana.sy\/es\/wp-content\/uploads\/2025\/04\/photo_2025-04-28_18-21-53-768x576.jpg 768w\" sizes=\"(max-width: 1280px) 100vw, 1280px\" \/><\/a>\n\t\t\t<\/div><\/figure><figure class='gallery-item'>\n\t\t\t<div class='gallery-icon landscape'>\n\t\t\t\t<a href='https:\/\/archive.sana.sy\/es\/wp-content\/uploads\/2025\/04\/photo_2025-04-28_18-21-53-2.jpg'><img loading=\"lazy\" decoding=\"async\" width=\"1280\" height=\"719\" src=\"https:\/\/archive.sana.sy\/es\/wp-content\/uploads\/2025\/04\/photo_2025-04-28_18-21-53-2.jpg\" class=\"attachment-full size-full\" alt=\"\" srcset=\"https:\/\/archive.sana.sy\/es\/wp-content\/uploads\/2025\/04\/photo_2025-04-28_18-21-53-2.jpg 1280w, https:\/\/archive.sana.sy\/es\/wp-content\/uploads\/2025\/04\/photo_2025-04-28_18-21-53-2-300x169.jpg 300w, https:\/\/archive.sana.sy\/es\/wp-content\/uploads\/2025\/04\/photo_2025-04-28_18-21-53-2-1024x575.jpg 1024w, https:\/\/archive.sana.sy\/es\/wp-content\/uploads\/2025\/04\/photo_2025-04-28_18-21-53-2-150x84.jpg 150w, https:\/\/archive.sana.sy\/es\/wp-content\/uploads\/2025\/04\/photo_2025-04-28_18-21-53-2-768x431.jpg 768w\" sizes=\"(max-width: 1280px) 100vw, 1280px\" \/><\/a>\n\t\t\t<\/div><\/figure>\n\t\t<\/div>\n\n","protected":false},"excerpt":{"rendered":"<p>Nueva York, 28 abr (SANA)\u00a0 \u00a0El ministro de Asuntos Exteriores y Expatriados, Asaad Al-Shaibani, se reuni\u00f3 en la ciudad de Nueva York, con el director general del Organismo Internacional de Energ\u00eda At\u00f3mica (OIEA), Rafael Grossi.<\/p>\n","protected":false},"author":31,"featured_media":351962,"comment_status":"closed","ping_status":"closed","sticky":false,"template":"","format":"standard","meta":{"footnotes":""},"categories":[597,467,7541],"tags":[],"class_list":["post-351961","post","type-post","status-publish","format-standard","has-post-thumbnail","","category-cinta-de-noticias","category-siria-y-el-mundo","category-ultimas-noticias"],"_links":{"self":[{"href":"https:\/\/archive.sana.sy\/es\/index.php?rest_route=\/wp\/v2\/posts\/351961"}],"collection":[{"href":"https:\/\/archive.sana.sy\/es\/index.php?rest_route=\/wp\/v2\/posts"}],"about":[{"href":"https:\/\/archive.sana.sy\/es\/index.php?rest_route=\/wp\/v2\/types\/post"}],"author":[{"embeddable":true,"href":"https:\/\/archive.sana.sy\/es\/index.php?rest_route=\/wp\/v2\/users\/31"}],"replies":[{"embeddable":true,"href":"https:\/\/archive.sana.sy\/es\/index.php?rest_route=%2Fwp%2Fv2%2Fcomments&post=351961"}],"version-history":[{"count":1,"href":"https:\/\/archive.sana.sy\/es\/index.php?rest_route=\/wp\/v2\/posts\/351961\/revisions"}],"predecessor-version":[{"id":351965,"href":"https:\/\/archive.sana.sy\/es\/index.php?rest_route=\/wp\/v2\/posts\/351961\/revisions\/351965"}],"wp:featuredmedia":[{"embeddable":true,"href":"https:\/\/archive.sana.sy\/es\/index.php?rest_route=\/wp\/v2\/media\/351962"}],"wp:attachment":[{"href":"https:\/\/archive.sana.sy\/es\/index.php?rest_route=%2Fwp%2Fv2%2Fmedia&parent=351961"}],"wp:term":[{"taxonomy":"category","embeddable":true,"href":"https:\/\/archive.sana.sy\/es\/index.php?rest_route=%2Fwp%2Fv2%2Fcategories&post=351961"},{"taxonomy":"post_tag","embeddable":true,"href":"https:\/\/archive.sana.sy\/es\/index.php?rest_route=%2Fwp%2Fv2%2Ftags&post=351961"}],"curies":[{"name":"wp","href":"https:\/\/api.w.org\/{rel}","templated":true}]}}