{"id":352063,"date":"2025-04-29T18:29:58","date_gmt":"2025-04-29T15:29:58","guid":{"rendered":"https:\/\/sana.sy\/es\/?p=352063"},"modified":"2025-04-29T19:34:40","modified_gmt":"2025-04-29T16:34:40","slug":"ministerio-de-awqaf-no-tolerara-ningun-acto-de-ofensa-de-los-simbolos-y-santidades-religiosas","status":"publish","type":"post","link":"https:\/\/archive.sana.sy\/es\/?p=352063","title":{"rendered":"Ministerio de Awqaf: No se tolerar\u00e1 ning\u00fan acto ofensivo contra los s\u00edmbolos religiosos"},"content":{"rendered":"<p style=\"text-align: justify\"><span style=\"color: #800000\"><strong>Damasco, 29 abr (SANA)<\/strong> <\/span>El Ministerio de Asuntos Religiosos (Awqaf) anunci\u00f3 la adopci\u00f3n de medidas legales contra quienes perpetran actos de difamaci\u00f3n de las creencias y s\u00edmbolos religiosos a trav\u00e9s de plataformas de redes sociales, bas\u00e1ndose en los art\u00edculos del C\u00f3digo Penal General y el Decreto Legislativo N.\u00ba 20 de 2022, que penaliza tales actos.<\/p>\n<p>Esta declaraci\u00f3n fue emitida a la luz de las recientes publicaciones en ofensa contra el Profeta y las santidades religiosas.<\/p>\n<p style=\"text-align: justify\">El portavoz del ministerio confirm\u00f3 en un comunicado que el Ministerio se comunic\u00f3 con la Fiscal\u00eda General para presentar una demanda oficial en nombre del ministerio al respecto.<\/p>\n<p style=\"text-align: justify\">Asimismo, enfatiz\u00f3 que no se tolerar\u00e1 ning\u00fan acto de profanaci\u00f3n de los s\u00edmbolos y valores religiosos, y subray\u00f3 que el respeto a los principios religiosos y \u00e9ticos es uno de los \u00a0pilares fundamentales del discurso nacional y medi\u00e1tico.<\/p>\n<p style=\"text-align: justify\">El Ministerio tambi\u00e9n hizo un llamado para que todos los ciudadanos act\u00faen con responsabilidad en sus expresiones, lo que contribuye \u00a0a preservar la paz social y la unidad.<\/p>\n","protected":false},"excerpt":{"rendered":"<p>Damasco, 29 abr (SANA) El Ministerio de Asuntos Religiosos (Awqaf) anunci\u00f3 la adopci\u00f3n de medidas legales contra quienes perpetran actos de difamaci\u00f3n de las creencias y s\u00edmbolos religiosos a trav\u00e9s de plataformas de redes sociales, bas\u00e1ndose en los art\u00edculos del C\u00f3digo Penal General y el Decreto Legislativo N.\u00ba 20 de 2022, que penaliza tales actos. &hellip;<\/p>\n","protected":false},"author":24,"featured_media":352064,"comment_status":"closed","ping_status":"closed","sticky":false,"template":"","format":"standard","meta":{"footnotes":""},"categories":[447,597,20724,476,7541],"tags":[],"class_list":["post-352063","post","type-post","status-publish","format-standard","has-post-thumbnail","","category-local-politica","category-cinta-de-noticias","category-minuto-a-minuto","category-locales","category-ultimas-noticias"],"_links":{"self":[{"href":"https:\/\/archive.sana.sy\/es\/index.php?rest_route=\/wp\/v2\/posts\/352063"}],"collection":[{"href":"https:\/\/archive.sana.sy\/es\/index.php?rest_route=\/wp\/v2\/posts"}],"about":[{"href":"https:\/\/archive.sana.sy\/es\/index.php?rest_route=\/wp\/v2\/types\/post"}],"author":[{"embeddable":true,"href":"https:\/\/archive.sana.sy\/es\/index.php?rest_route=\/wp\/v2\/users\/24"}],"replies":[{"embeddable":true,"href":"https:\/\/archive.sana.sy\/es\/index.php?rest_route=%2Fwp%2Fv2%2Fcomments&post=352063"}],"version-history":[{"count":14,"href":"https:\/\/archive.sana.sy\/es\/index.php?rest_route=\/wp\/v2\/posts\/352063\/revisions"}],"predecessor-version":[{"id":352091,"href":"https:\/\/archive.sana.sy\/es\/index.php?rest_route=\/wp\/v2\/posts\/352063\/revisions\/352091"}],"wp:featuredmedia":[{"embeddable":true,"href":"https:\/\/archive.sana.sy\/es\/index.php?rest_route=\/wp\/v2\/media\/352064"}],"wp:attachment":[{"href":"https:\/\/archive.sana.sy\/es\/index.php?rest_route=%2Fwp%2Fv2%2Fmedia&parent=352063"}],"wp:term":[{"taxonomy":"category","embeddable":true,"href":"https:\/\/archive.sana.sy\/es\/index.php?rest_route=%2Fwp%2Fv2%2Fcategories&post=352063"},{"taxonomy":"post_tag","embeddable":true,"href":"https:\/\/archive.sana.sy\/es\/index.php?rest_route=%2Fwp%2Fv2%2Ftags&post=352063"}],"curies":[{"name":"wp","href":"https:\/\/api.w.org\/{rel}","templated":true}]}}