{"id":352077,"date":"2025-04-29T18:55:45","date_gmt":"2025-04-29T15:55:45","guid":{"rendered":"https:\/\/sana.sy\/es\/?p=352077"},"modified":"2025-04-29T19:05:13","modified_gmt":"2025-04-29T16:05:13","slug":"ministro-de-cultura-de-qatar-arriba-a-damasco","status":"publish","type":"post","link":"https:\/\/archive.sana.sy\/es\/?p=352077","title":{"rendered":"Ministro de Cultura de Qatar arriba a Damasco"},"content":{"rendered":"<p style=\"text-align: justify\"><strong><span style=\"color: #800000\">Damasco, 29 abr (SANA)<\/span><\/strong> El ministro de Cultura de Qatar, Abdulrahman bin Hamad bin Jassim bin Hamad Al Thani, lleg\u00f3 hoy al Aeropuerto Internacional de Damasco en el marco de una visita oficial.<\/p>\n<p style=\"text-align: justify\">Esta visita viene en respuesta a una invitaci\u00f3n extendida por el ministro de Cultura sirio, Mohamad Yassin Saleh a su hom\u00f3logo qatar\u00ed.<\/p>\n<p style=\"text-align: justify\">En declaraciones a SANA, Saleh destac\u00f3 que esta visita refleja la profundidad de los lazos culturales entre ambos pa\u00edses y sienta las bases para futuras asociaciones en diversas \u00e1reas culturales.<\/p>\n<p style=\"text-align: justify\">Asimismo, subray\u00f3 que Siria, en su nueva etapa, reafirma su apertura cultural a sus hermanos \u00e1rabes, los pa\u00edses de la regional y el mundo entero, as\u00ed como busca recuperar su posici\u00f3n hist\u00f3rica.<\/p>\n<p><img loading=\"lazy\" decoding=\"async\" class=\"size-large wp-image-352080 aligncenter\" src=\"http:\/\/sana.sy\/es\/wp-content\/uploads\/2025\/04\/Ministro-de-Cultura-qatari-arriba-a-Damasco-1-1024x658.jpg\" alt=\"\" width=\"618\" height=\"397\" srcset=\"https:\/\/archive.sana.sy\/es\/wp-content\/uploads\/2025\/04\/Ministro-de-Cultura-qatari-arriba-a-Damasco-1-1024x658.jpg 1024w, https:\/\/archive.sana.sy\/es\/wp-content\/uploads\/2025\/04\/Ministro-de-Cultura-qatari-arriba-a-Damasco-1-300x193.jpg 300w, https:\/\/archive.sana.sy\/es\/wp-content\/uploads\/2025\/04\/Ministro-de-Cultura-qatari-arriba-a-Damasco-1-150x96.jpg 150w, https:\/\/archive.sana.sy\/es\/wp-content\/uploads\/2025\/04\/Ministro-de-Cultura-qatari-arriba-a-Damasco-1-768x493.jpg 768w, https:\/\/archive.sana.sy\/es\/wp-content\/uploads\/2025\/04\/Ministro-de-Cultura-qatari-arriba-a-Damasco-1.jpg 1280w\" sizes=\"(max-width: 618px) 100vw, 618px\" \/><\/p>\n","protected":false},"excerpt":{"rendered":"<p>Damasco, 29 abr (SANA) El ministro de Cultura de Qatar, Abdulrahman bin Hamad bin Jassim bin Hamad Al Thani, lleg\u00f3 hoy al Aeropuerto Internacional de Damasco en el marco de una visita oficial. Esta visita viene en respuesta a una invitaci\u00f3n extendida por el ministro de Cultura sirio, Mohamad Yassin Saleh a su hom\u00f3logo qatar\u00ed. &hellip;<\/p>\n","protected":false},"author":24,"featured_media":352078,"comment_status":"closed","ping_status":"closed","sticky":false,"template":"","format":"standard","meta":{"footnotes":""},"categories":[597,20724,467,7541],"tags":[],"class_list":["post-352077","post","type-post","status-publish","format-standard","has-post-thumbnail","","category-cinta-de-noticias","category-minuto-a-minuto","category-siria-y-el-mundo","category-ultimas-noticias"],"_links":{"self":[{"href":"https:\/\/archive.sana.sy\/es\/index.php?rest_route=\/wp\/v2\/posts\/352077"}],"collection":[{"href":"https:\/\/archive.sana.sy\/es\/index.php?rest_route=\/wp\/v2\/posts"}],"about":[{"href":"https:\/\/archive.sana.sy\/es\/index.php?rest_route=\/wp\/v2\/types\/post"}],"author":[{"embeddable":true,"href":"https:\/\/archive.sana.sy\/es\/index.php?rest_route=\/wp\/v2\/users\/24"}],"replies":[{"embeddable":true,"href":"https:\/\/archive.sana.sy\/es\/index.php?rest_route=%2Fwp%2Fv2%2Fcomments&post=352077"}],"version-history":[{"count":5,"href":"https:\/\/archive.sana.sy\/es\/index.php?rest_route=\/wp\/v2\/posts\/352077\/revisions"}],"predecessor-version":[{"id":352084,"href":"https:\/\/archive.sana.sy\/es\/index.php?rest_route=\/wp\/v2\/posts\/352077\/revisions\/352084"}],"wp:featuredmedia":[{"embeddable":true,"href":"https:\/\/archive.sana.sy\/es\/index.php?rest_route=\/wp\/v2\/media\/352078"}],"wp:attachment":[{"href":"https:\/\/archive.sana.sy\/es\/index.php?rest_route=%2Fwp%2Fv2%2Fmedia&parent=352077"}],"wp:term":[{"taxonomy":"category","embeddable":true,"href":"https:\/\/archive.sana.sy\/es\/index.php?rest_route=%2Fwp%2Fv2%2Fcategories&post=352077"},{"taxonomy":"post_tag","embeddable":true,"href":"https:\/\/archive.sana.sy\/es\/index.php?rest_route=%2Fwp%2Fv2%2Ftags&post=352077"}],"curies":[{"name":"wp","href":"https:\/\/api.w.org\/{rel}","templated":true}]}}