{"id":3521,"date":"2014-06-25T17:21:58","date_gmt":"2014-06-25T14:21:58","guid":{"rendered":"http:\/\/www.sana.sy\/es\/?p=3521"},"modified":"2014-06-26T19:09:59","modified_gmt":"2014-06-26T16:09:59","slug":"presidente-palestino-envia-una-carta-al-presidente-al-assad-felicitandole-por-su-victoria-electoral-2","status":"publish","type":"post","link":"https:\/\/archive.sana.sy\/es\/?p=3521","title":{"rendered":"Presidente palestino env\u00eda una carta al presidente al-Assad felicit\u00e1ndole por su victoria electoral"},"content":{"rendered":"<div>\n<p><span style=\"color: #800000\">Damasco, SANA<\/span><\/p>\n<p>El presidente Bashar al-Assad, recibi\u00f3 este mi\u00e9rcoles una carta de felicitaci\u00f3n de su hom\u00f3logo palestino, Mahmoud Abass.<\/p>\n<p>El motivo de la felicitaci\u00f3n es la victoria de al-Assad en las elecciones presidenciales.<\/p>\n<p>El mandatario palestino felicit\u00f3 al presidente al-Assad, en su propio nombre y en nombre del pueblo palestino.<\/p>\n<p>Abbas consider\u00f3 que la reelecci\u00f3n del presidente al-Assad contribuir\u00e1 a preservar la unidad y soberan\u00eda de Siria, as\u00ed como la ayudar\u00e1 a salir de su crisis, deseando todo progreso y estabilidad a Siria y su pueblo.<\/p>\n<p><span style=\"color: #0000ff\">Al-Assad recibe felicitaciones del \u00d3rgano General de Fatwa en Irak<\/span><\/p>\n<p>De igual manera, el presidente al-Assad recibi\u00f3 un telegrama de felicitaci\u00f3n del \u00d3rgano General de Fatwa de la Rep\u00fablica de Irak\u2026<\/p>\n<p>El telegrama expres\u00f3 la esperanza de que Siria se mantenga unida bajo el liderazgo del presidente al-Assad, y que la armon\u00eda y la convivencia vuelvan a la naci\u00f3n.<\/p>\n<p>&nbsp;<\/p>\n<p><span style=\"color: #0000ff\">Lynn A., Fady M.<\/span><\/p>\n<p>&nbsp;<\/p>\n<\/div>\n<p>&nbsp;<\/p>\n","protected":false},"excerpt":{"rendered":"<p>Damasco, SANA El presidente Bashar al-Assad, recibi\u00f3 este mi\u00e9rcoles una carta de felicitaci\u00f3n de su hom\u00f3logo palestino, Mahmoud Abass. El motivo de la felicitaci\u00f3n es la victoria de al-Assad en las elecciones presidenciales. El mandatario palestino felicit\u00f3 al presidente al-Assad, en su propio nombre y en nombre del pueblo palestino. Abbas consider\u00f3 que la reelecci\u00f3n &hellip;<\/p>\n","protected":false},"author":24,"featured_media":3498,"comment_status":"closed","ping_status":"closed","sticky":false,"template":"","format":"standard","meta":{"footnotes":""},"categories":[626],"tags":[815],"class_list":["post-3521","post","type-post","status-publish","format-standard","has-post-thumbnail","","category-sr-presidente","tag-presidente-palestino-envia-una-carta-al-presidente-al-assad-felicitandole-por-su-victoria-electoral"],"_links":{"self":[{"href":"https:\/\/archive.sana.sy\/es\/index.php?rest_route=\/wp\/v2\/posts\/3521"}],"collection":[{"href":"https:\/\/archive.sana.sy\/es\/index.php?rest_route=\/wp\/v2\/posts"}],"about":[{"href":"https:\/\/archive.sana.sy\/es\/index.php?rest_route=\/wp\/v2\/types\/post"}],"author":[{"embeddable":true,"href":"https:\/\/archive.sana.sy\/es\/index.php?rest_route=\/wp\/v2\/users\/24"}],"replies":[{"embeddable":true,"href":"https:\/\/archive.sana.sy\/es\/index.php?rest_route=%2Fwp%2Fv2%2Fcomments&post=3521"}],"version-history":[{"count":0,"href":"https:\/\/archive.sana.sy\/es\/index.php?rest_route=\/wp\/v2\/posts\/3521\/revisions"}],"wp:featuredmedia":[{"embeddable":true,"href":"https:\/\/archive.sana.sy\/es\/index.php?rest_route=\/wp\/v2\/media\/3498"}],"wp:attachment":[{"href":"https:\/\/archive.sana.sy\/es\/index.php?rest_route=%2Fwp%2Fv2%2Fmedia&parent=3521"}],"wp:term":[{"taxonomy":"category","embeddable":true,"href":"https:\/\/archive.sana.sy\/es\/index.php?rest_route=%2Fwp%2Fv2%2Fcategories&post=3521"},{"taxonomy":"post_tag","embeddable":true,"href":"https:\/\/archive.sana.sy\/es\/index.php?rest_route=%2Fwp%2Fv2%2Ftags&post=3521"}],"curies":[{"name":"wp","href":"https:\/\/api.w.org\/{rel}","templated":true}]}}