{"id":352162,"date":"2025-04-30T19:04:43","date_gmt":"2025-04-30T16:04:43","guid":{"rendered":"https:\/\/sana.sy\/es\/?p=352162"},"modified":"2025-04-30T19:05:51","modified_gmt":"2025-04-30T16:05:51","slug":"defensa-civil-siria-recibe-ayuda-logistica-de-qatar","status":"publish","type":"post","link":"https:\/\/archive.sana.sy\/es\/?p=352162","title":{"rendered":"Defensa Civil Siria recibe ayuda log\u00edstica de Qatar"},"content":{"rendered":"<p style=\"text-align: justify\"><span style=\"color: #800000\"><strong>Damasco, 30 abr (SANA)<\/strong> <\/span>Una delegaci\u00f3n de la Defensa Civil Siria recibi\u00f3 en Doha un paquete de asistencia log\u00edstica del Grupo Internacional de B\u00fasqueda y Rescate de la Fuerza de Seguridad Interna de Qatar (Lekhwiya).<\/p>\n<p style=\"text-align: justify\">A trav\u00e9s de su canal de Telegram, la DCS inform\u00f3 que la ayuda incluye camiones de bomberos, cisternas m\u00f3viles de agua, veh\u00edculos de rescate para grandes alturas, bombas de agua, veh\u00edculos de transporte de personal y diversos equipos para la evacuaci\u00f3n y el traslado de lesionados, entre otros.<\/p>\n<p style=\"text-align: justify\">Asimismo, se\u00f1al\u00f3 que la entrega cont\u00f3 con la asistencia del ministro de Emergencias y Gesti\u00f3n de Desastres, Raed Al Saleh, y del general de brigada Nawaf Majed Al Ali, comandante adjunto de las Fuerzas Lekhwiya para Operaciones de Seguridad.<\/p>\n<div id='gallery-1' class='gallery galleryid-352162 gallery-columns-1 gallery-size-full'><figure class='gallery-item'>\n\t\t\t<div class='gallery-icon landscape'>\n\t\t\t\t<a href='https:\/\/archive.sana.sy\/es\/wp-content\/uploads\/2025\/04\/Defensa-Civil-Siria-recibe-ayuda-logistica-de-Qatar-3.jpg'><img loading=\"lazy\" decoding=\"async\" width=\"660\" height=\"440\" src=\"https:\/\/archive.sana.sy\/es\/wp-content\/uploads\/2025\/04\/Defensa-Civil-Siria-recibe-ayuda-logistica-de-Qatar-3.jpg\" class=\"attachment-full size-full\" alt=\"\" srcset=\"https:\/\/archive.sana.sy\/es\/wp-content\/uploads\/2025\/04\/Defensa-Civil-Siria-recibe-ayuda-logistica-de-Qatar-3.jpg 660w, https:\/\/archive.sana.sy\/es\/wp-content\/uploads\/2025\/04\/Defensa-Civil-Siria-recibe-ayuda-logistica-de-Qatar-3-300x200.jpg 300w, https:\/\/archive.sana.sy\/es\/wp-content\/uploads\/2025\/04\/Defensa-Civil-Siria-recibe-ayuda-logistica-de-Qatar-3-150x100.jpg 150w\" sizes=\"(max-width: 660px) 100vw, 660px\" \/><\/a>\n\t\t\t<\/div><\/figure><figure class='gallery-item'>\n\t\t\t<div class='gallery-icon landscape'>\n\t\t\t\t<a href='https:\/\/archive.sana.sy\/es\/wp-content\/uploads\/2025\/04\/Defensa-Civil-Siria-recibe-ayuda-logistica-de-Qatar-2.jpg'><img loading=\"lazy\" decoding=\"async\" width=\"660\" height=\"440\" src=\"https:\/\/archive.sana.sy\/es\/wp-content\/uploads\/2025\/04\/Defensa-Civil-Siria-recibe-ayuda-logistica-de-Qatar-2.jpg\" class=\"attachment-full size-full\" alt=\"\" srcset=\"https:\/\/archive.sana.sy\/es\/wp-content\/uploads\/2025\/04\/Defensa-Civil-Siria-recibe-ayuda-logistica-de-Qatar-2.jpg 660w, https:\/\/archive.sana.sy\/es\/wp-content\/uploads\/2025\/04\/Defensa-Civil-Siria-recibe-ayuda-logistica-de-Qatar-2-300x200.jpg 300w, https:\/\/archive.sana.sy\/es\/wp-content\/uploads\/2025\/04\/Defensa-Civil-Siria-recibe-ayuda-logistica-de-Qatar-2-150x100.jpg 150w\" sizes=\"(max-width: 660px) 100vw, 660px\" \/><\/a>\n\t\t\t<\/div><\/figure><figure class='gallery-item'>\n\t\t\t<div class='gallery-icon landscape'>\n\t\t\t\t<a href='https:\/\/archive.sana.sy\/es\/wp-content\/uploads\/2025\/04\/Defensa-Civil-Siria-recibe-ayuda-logistica-de-Qatar-1-1.jpg'><img loading=\"lazy\" decoding=\"async\" width=\"660\" height=\"330\" src=\"https:\/\/archive.sana.sy\/es\/wp-content\/uploads\/2025\/04\/Defensa-Civil-Siria-recibe-ayuda-logistica-de-Qatar-1-1.jpg\" class=\"attachment-full size-full\" alt=\"\" srcset=\"https:\/\/archive.sana.sy\/es\/wp-content\/uploads\/2025\/04\/Defensa-Civil-Siria-recibe-ayuda-logistica-de-Qatar-1-1.jpg 660w, https:\/\/archive.sana.sy\/es\/wp-content\/uploads\/2025\/04\/Defensa-Civil-Siria-recibe-ayuda-logistica-de-Qatar-1-1-300x150.jpg 300w, https:\/\/archive.sana.sy\/es\/wp-content\/uploads\/2025\/04\/Defensa-Civil-Siria-recibe-ayuda-logistica-de-Qatar-1-1-150x75.jpg 150w\" sizes=\"(max-width: 660px) 100vw, 660px\" \/><\/a>\n\t\t\t<\/div><\/figure><figure class='gallery-item'>\n\t\t\t<div class='gallery-icon landscape'>\n\t\t\t\t<a href='https:\/\/archive.sana.sy\/es\/wp-content\/uploads\/2025\/04\/Defensa-Civil-Siria-recibe-ayuda-logistica-de-Qatar-4.jpg'><img loading=\"lazy\" decoding=\"async\" width=\"660\" height=\"440\" src=\"https:\/\/archive.sana.sy\/es\/wp-content\/uploads\/2025\/04\/Defensa-Civil-Siria-recibe-ayuda-logistica-de-Qatar-4.jpg\" class=\"attachment-full size-full\" alt=\"\" srcset=\"https:\/\/archive.sana.sy\/es\/wp-content\/uploads\/2025\/04\/Defensa-Civil-Siria-recibe-ayuda-logistica-de-Qatar-4.jpg 660w, https:\/\/archive.sana.sy\/es\/wp-content\/uploads\/2025\/04\/Defensa-Civil-Siria-recibe-ayuda-logistica-de-Qatar-4-300x200.jpg 300w, https:\/\/archive.sana.sy\/es\/wp-content\/uploads\/2025\/04\/Defensa-Civil-Siria-recibe-ayuda-logistica-de-Qatar-4-150x100.jpg 150w\" sizes=\"(max-width: 660px) 100vw, 660px\" \/><\/a>\n\t\t\t<\/div><\/figure>\n\t\t<\/div>\n\n<p style=\"text-align: justify\">\n","protected":false},"excerpt":{"rendered":"<p>Damasco, 30 abr (SANA) Una delegaci\u00f3n de la Defensa Civil Siria recibi\u00f3 en Doha un paquete de asistencia log\u00edstica del Grupo Internacional de B\u00fasqueda y Rescate de la Fuerza de Seguridad Interna de Qatar (Lekhwiya). A trav\u00e9s de su canal de Telegram, la DCS inform\u00f3 que la ayuda incluye camiones de bomberos, cisternas m\u00f3viles de &hellip;<\/p>\n","protected":false},"author":24,"featured_media":352163,"comment_status":"closed","ping_status":"closed","sticky":false,"template":"","format":"standard","meta":{"footnotes":""},"categories":[597,20724,467,7541],"tags":[],"class_list":["post-352162","post","type-post","status-publish","format-standard","has-post-thumbnail","","category-cinta-de-noticias","category-minuto-a-minuto","category-siria-y-el-mundo","category-ultimas-noticias"],"_links":{"self":[{"href":"https:\/\/archive.sana.sy\/es\/index.php?rest_route=\/wp\/v2\/posts\/352162"}],"collection":[{"href":"https:\/\/archive.sana.sy\/es\/index.php?rest_route=\/wp\/v2\/posts"}],"about":[{"href":"https:\/\/archive.sana.sy\/es\/index.php?rest_route=\/wp\/v2\/types\/post"}],"author":[{"embeddable":true,"href":"https:\/\/archive.sana.sy\/es\/index.php?rest_route=\/wp\/v2\/users\/24"}],"replies":[{"embeddable":true,"href":"https:\/\/archive.sana.sy\/es\/index.php?rest_route=%2Fwp%2Fv2%2Fcomments&post=352162"}],"version-history":[{"count":2,"href":"https:\/\/archive.sana.sy\/es\/index.php?rest_route=\/wp\/v2\/posts\/352162\/revisions"}],"predecessor-version":[{"id":352169,"href":"https:\/\/archive.sana.sy\/es\/index.php?rest_route=\/wp\/v2\/posts\/352162\/revisions\/352169"}],"wp:featuredmedia":[{"embeddable":true,"href":"https:\/\/archive.sana.sy\/es\/index.php?rest_route=\/wp\/v2\/media\/352163"}],"wp:attachment":[{"href":"https:\/\/archive.sana.sy\/es\/index.php?rest_route=%2Fwp%2Fv2%2Fmedia&parent=352162"}],"wp:term":[{"taxonomy":"category","embeddable":true,"href":"https:\/\/archive.sana.sy\/es\/index.php?rest_route=%2Fwp%2Fv2%2Fcategories&post=352162"},{"taxonomy":"post_tag","embeddable":true,"href":"https:\/\/archive.sana.sy\/es\/index.php?rest_route=%2Fwp%2Fv2%2Ftags&post=352162"}],"curies":[{"name":"wp","href":"https:\/\/api.w.org\/{rel}","templated":true}]}}