{"id":35224,"date":"2015-12-16T16:05:55","date_gmt":"2015-12-16T14:05:55","guid":{"rendered":"http:\/\/sana.sy\/es\/?p=35224"},"modified":"2015-12-16T19:04:18","modified_gmt":"2015-12-16T17:04:18","slug":"moscu-y-washington-acuerdan-consolidar-acuerdos-de-viena-mediante-una-resolucion-del-cs","status":"publish","type":"post","link":"https:\/\/archive.sana.sy\/es\/?p=35224","title":{"rendered":"Lavrov: Mosc\u00fa y Washington acordaron consolidar los acuerdos de Viena mediante una resoluci\u00f3n del CS"},"content":{"rendered":"<p><span style=\"color: #800000\">Mosc\u00fa, SANA<\/span><\/p>\n<p>El ministro de Relaciones Exteriores de Rusia, Serguei Lavrov, afirm\u00f3 que existe una convergencia de puntos de vista entre Rusia y Bahr\u00e9in respecto a la soluci\u00f3n de las cuestiones regionales, incluyendo las crisis en Siria y Yemen, a trav\u00e9s del di\u00e1logo nacional bajo los auspicios de la ONU.<\/p>\n<p>La afirmaci\u00f3n del canciller Lavrov se produjo durante una conferencia de prensa conjunta celebrada este mi\u00e9rcoles en Mosc\u00fa con su hom\u00f3logo bahrein\u00ed.<\/p>\n<p>El canciller ruso dijo que hab\u00eda acordado con el secretario de Estado estadounidense, John Kerry, la importancia de consolidar los acuerdos de Viena mediante una resoluci\u00f3n del Consejo de Seguridad de la ONU.<\/p>\n<p>Asimismo, indic\u00f3 que la aprobaci\u00f3n de dicha resoluci\u00f3n dar\u00e1 car\u00e1cter vinculante para la aplicaci\u00f3n de los acuerdos encaminados a resolver la crisis en Siria.<\/p>\n<p>&nbsp;<\/p>\n<p><span style=\"color: #0000ff\">Fady M., Hala B.<\/span><\/p>\n","protected":false},"excerpt":{"rendered":"<p>Mosc\u00fa, SANA El ministro de Relaciones Exteriores de Rusia, Serguei Lavrov, afirm\u00f3 que existe una convergencia de puntos de vista entre Rusia y Bahr\u00e9in respecto a la soluci\u00f3n de las cuestiones regionales, incluyendo las crisis en Siria y Yemen, a trav\u00e9s del di\u00e1logo nacional bajo los auspicios de la ONU. La afirmaci\u00f3n del canciller Lavrov &hellip;<\/p>\n","protected":false},"author":1,"featured_media":35228,"comment_status":"closed","ping_status":"closed","sticky":false,"template":"","format":"standard","meta":{"footnotes":""},"categories":[456,457,576,583,7541],"tags":[7598,7597],"class_list":["post-35224","post","type-post","status-publish","format-standard","has-post-thumbnail","","category-arabe-internacional-politica","category-noticias-arabe-internacional-politica","category-noticias-politicas","category-slide","category-ultimas-noticias","tag-lavrov-moscu-y-washington-acordaron-consolidar-los-acuerdos-de-viena-mediante-una-resolucion-del-cs","tag-moscu-y-washington-acuerdan-consolidar-acuerdos-de-viena-mediante-una-resolucion-del-cs"],"_links":{"self":[{"href":"https:\/\/archive.sana.sy\/es\/index.php?rest_route=\/wp\/v2\/posts\/35224"}],"collection":[{"href":"https:\/\/archive.sana.sy\/es\/index.php?rest_route=\/wp\/v2\/posts"}],"about":[{"href":"https:\/\/archive.sana.sy\/es\/index.php?rest_route=\/wp\/v2\/types\/post"}],"author":[{"embeddable":true,"href":"https:\/\/archive.sana.sy\/es\/index.php?rest_route=\/wp\/v2\/users\/1"}],"replies":[{"embeddable":true,"href":"https:\/\/archive.sana.sy\/es\/index.php?rest_route=%2Fwp%2Fv2%2Fcomments&post=35224"}],"version-history":[{"count":0,"href":"https:\/\/archive.sana.sy\/es\/index.php?rest_route=\/wp\/v2\/posts\/35224\/revisions"}],"wp:featuredmedia":[{"embeddable":true,"href":"https:\/\/archive.sana.sy\/es\/index.php?rest_route=\/wp\/v2\/media\/35228"}],"wp:attachment":[{"href":"https:\/\/archive.sana.sy\/es\/index.php?rest_route=%2Fwp%2Fv2%2Fmedia&parent=35224"}],"wp:term":[{"taxonomy":"category","embeddable":true,"href":"https:\/\/archive.sana.sy\/es\/index.php?rest_route=%2Fwp%2Fv2%2Fcategories&post=35224"},{"taxonomy":"post_tag","embeddable":true,"href":"https:\/\/archive.sana.sy\/es\/index.php?rest_route=%2Fwp%2Fv2%2Ftags&post=35224"}],"curies":[{"name":"wp","href":"https:\/\/api.w.org\/{rel}","templated":true}]}}