{"id":35232,"date":"2015-12-16T19:27:48","date_gmt":"2015-12-16T17:27:48","guid":{"rendered":"http:\/\/sana.sy\/es\/?p=35232"},"modified":"2023-01-10T15:17:13","modified_gmt":"2023-01-10T13:17:13","slug":"inicia-en-damasco-la-primera-conferencia-de-banca-y-seguros","status":"publish","type":"post","link":"https:\/\/archive.sana.sy\/es\/?p=35232","title":{"rendered":"Inicia en Damasco la primera conferencia de Bancos y Seguros"},"content":{"rendered":"<p style=\"text-align: justify\"><span style=\"color: #800000\">Damasco, SANA<\/span>&#8211; La primera conferencia de bancos y seguros se inici\u00f3 el mi\u00e9rcoles en Damasco para discutir el papel de las compa\u00f1\u00edas de seguros y los bancos como parte de la econom\u00eda nacional en el marco de la crisis actual.<\/p>\n<p style=\"text-align: justify\">En un discurso pronunciado en la inauguraci\u00f3n de la conferencia, el ministro de Finanzas Ismael Ismael, afirm\u00f3 que los bancos p\u00fablicos y privados no han cesado sus operaciones a pesar de todos los desaf\u00edos y los rumores que han llevado a una fuerte disminuci\u00f3n de la liquidez en 2011 y 2012.<\/p>\n<p style=\"text-align: justify\">El ministro agreg\u00f3 que la confianza en el sector bancario ha sido restaurada a principios de 2013, y explic\u00f3 que la tasa de dep\u00f3sito ha aumentado gradualmente, con la mejora de la liquidez para llegar a 33% para el Banco real, 38% para el Banco Comercial y el 35% para Caja de Ahorros.<\/p>\n<p style=\"text-align: justify\">La concesi\u00f3n de pr\u00e9stamos para peque\u00f1as y medianas proyectos tambi\u00e9n se han reanudado, dijo el ministro de Ismael.<\/p>\n<p style=\"text-align: justify\">Tambi\u00e9n elogi\u00f3 el desempe\u00f1o de las compa\u00f1\u00edas de seguros en virtud de las sanciones injustas impuestas a Siria, se\u00f1alando que las primas de seguros en el primer semestre de 2015 alcanzaron 10 mil millones de libras sirias, por lo que significa un incremento de 16,69%.<\/p>\n<p>M.Miri<\/p>\n","protected":false},"excerpt":{"rendered":"<p>Damasco, SANA&#8211; La primera conferencia de bancos y seguros se inici\u00f3 el mi\u00e9rcoles en Damasco para discutir el papel de las compa\u00f1\u00edas de seguros y los bancos como parte de la econom\u00eda nacional en el marco de la crisis actual. En un discurso pronunciado en la inauguraci\u00f3n de la conferencia, el ministro de Finanzas Ismael &hellip;<\/p>\n","protected":false},"author":1,"featured_media":35233,"comment_status":"closed","ping_status":"closed","sticky":false,"template":"","format":"standard","meta":{"footnotes":""},"categories":[477,485,476],"tags":[7609],"class_list":["post-35232","post","type-post","status-publish","format-standard","has-post-thumbnail","","category-noticias-edulcorantes","category-informes-negocios-y-finanzas","category-locales","tag-inicia-en-damasco-la-primera-conferencia-de-bancos-y-seguros"],"_links":{"self":[{"href":"https:\/\/archive.sana.sy\/es\/index.php?rest_route=\/wp\/v2\/posts\/35232"}],"collection":[{"href":"https:\/\/archive.sana.sy\/es\/index.php?rest_route=\/wp\/v2\/posts"}],"about":[{"href":"https:\/\/archive.sana.sy\/es\/index.php?rest_route=\/wp\/v2\/types\/post"}],"author":[{"embeddable":true,"href":"https:\/\/archive.sana.sy\/es\/index.php?rest_route=\/wp\/v2\/users\/1"}],"replies":[{"embeddable":true,"href":"https:\/\/archive.sana.sy\/es\/index.php?rest_route=%2Fwp%2Fv2%2Fcomments&post=35232"}],"version-history":[{"count":0,"href":"https:\/\/archive.sana.sy\/es\/index.php?rest_route=\/wp\/v2\/posts\/35232\/revisions"}],"wp:featuredmedia":[{"embeddable":true,"href":"https:\/\/archive.sana.sy\/es\/index.php?rest_route=\/wp\/v2\/media\/35233"}],"wp:attachment":[{"href":"https:\/\/archive.sana.sy\/es\/index.php?rest_route=%2Fwp%2Fv2%2Fmedia&parent=35232"}],"wp:term":[{"taxonomy":"category","embeddable":true,"href":"https:\/\/archive.sana.sy\/es\/index.php?rest_route=%2Fwp%2Fv2%2Fcategories&post=35232"},{"taxonomy":"post_tag","embeddable":true,"href":"https:\/\/archive.sana.sy\/es\/index.php?rest_route=%2Fwp%2Fv2%2Ftags&post=35232"}],"curies":[{"name":"wp","href":"https:\/\/api.w.org\/{rel}","templated":true}]}}