{"id":352321,"date":"2025-05-02T19:19:40","date_gmt":"2025-05-02T16:19:40","guid":{"rendered":"https:\/\/sana.sy\/es\/?p=352321"},"modified":"2025-05-02T19:19:40","modified_gmt":"2025-05-02T16:19:40","slug":"una-fuente-de-seguridad-declara-sobre-situacion-en-sweida","status":"publish","type":"post","link":"https:\/\/archive.sana.sy\/es\/?p=352321","title":{"rendered":"Una fuente de seguridad declara sobre situaci\u00f3n en Sweida"},"content":{"rendered":"<p style=\"text-align: justify;\"><span style=\"color: #800000;\"><strong>Sweida, 2 may (SANA)\u00a0<\/strong> <\/span>Una fuente de seguridad en Sweida declar\u00f3 a SANA que tras el acuerdo alcanzado la v\u00edspera entre los l\u00edderes religiosos de Sweida y una delegaci\u00f3n del gobierno sirio, que enfatiz\u00f3 la necesidad de activar el papel de la seguridad p\u00fablica en la provincia, hemos comenzado a establecer puestos de control de seguridad alrededor de la ciudad para asegurarla y reabrir la carretera Sweida-Damasco.<\/p>\n<p style=\"text-align: justify;\">Hoy, nos sorprendieron grupos militares que atacaron algunos de nuestros puestos de control alrededor de la ciudad de Sweida, violando el acuerdo firmado, indic\u00f3 la fuente.<\/p>\n<p style=\"text-align: justify;\">Advirti\u00f3 a todas las partes que intentan socavar el acuerdo, que subray\u00f3 la necesidad de consolidar la seguridad en la regi\u00f3n, y en la ciudad de Sweida, en particular.<\/p>\n<p style=\"text-align: justify;\">La fuente se\u00f1al\u00f3 que el Ministerio del Interior, representado por las fuerzas de seguridad desplegadas en la Gobernaci\u00f3n de Sweida, se esforzar\u00e1 por consolidar la seguridad y la estabilidad y proteger la ciudad, en aplicaci\u00f3n del acuerdo firmado, y que no tolerar\u00e1 a nadie que intente desestabilizar la ciudad.<\/p>\n","protected":false},"excerpt":{"rendered":"<p>Sweida, 2 may (SANA)\u00a0 Una fuente de seguridad en Sweida declar\u00f3 a SANA que tras el acuerdo alcanzado la v\u00edspera entre los l\u00edderes religiosos de Sweida y una delegaci\u00f3n del gobierno sirio, que enfatiz\u00f3 la necesidad de activar el papel de la seguridad p\u00fablica en la provincia, hemos comenzado a establecer puestos de control de &hellip;<\/p>\n","protected":false},"author":34,"featured_media":352322,"comment_status":"closed","ping_status":"closed","sticky":false,"template":"","format":"standard","meta":{"footnotes":""},"categories":[447,477,597,20724,476,7541],"tags":[],"class_list":["post-352321","post","type-post","status-publish","format-standard","has-post-thumbnail","","category-local-politica","category-noticias-edulcorantes","category-cinta-de-noticias","category-minuto-a-minuto","category-locales","category-ultimas-noticias"],"_links":{"self":[{"href":"https:\/\/archive.sana.sy\/es\/index.php?rest_route=\/wp\/v2\/posts\/352321"}],"collection":[{"href":"https:\/\/archive.sana.sy\/es\/index.php?rest_route=\/wp\/v2\/posts"}],"about":[{"href":"https:\/\/archive.sana.sy\/es\/index.php?rest_route=\/wp\/v2\/types\/post"}],"author":[{"embeddable":true,"href":"https:\/\/archive.sana.sy\/es\/index.php?rest_route=\/wp\/v2\/users\/34"}],"replies":[{"embeddable":true,"href":"https:\/\/archive.sana.sy\/es\/index.php?rest_route=%2Fwp%2Fv2%2Fcomments&post=352321"}],"version-history":[{"count":1,"href":"https:\/\/archive.sana.sy\/es\/index.php?rest_route=\/wp\/v2\/posts\/352321\/revisions"}],"predecessor-version":[{"id":352323,"href":"https:\/\/archive.sana.sy\/es\/index.php?rest_route=\/wp\/v2\/posts\/352321\/revisions\/352323"}],"wp:featuredmedia":[{"embeddable":true,"href":"https:\/\/archive.sana.sy\/es\/index.php?rest_route=\/wp\/v2\/media\/352322"}],"wp:attachment":[{"href":"https:\/\/archive.sana.sy\/es\/index.php?rest_route=%2Fwp%2Fv2%2Fmedia&parent=352321"}],"wp:term":[{"taxonomy":"category","embeddable":true,"href":"https:\/\/archive.sana.sy\/es\/index.php?rest_route=%2Fwp%2Fv2%2Fcategories&post=352321"},{"taxonomy":"post_tag","embeddable":true,"href":"https:\/\/archive.sana.sy\/es\/index.php?rest_route=%2Fwp%2Fv2%2Ftags&post=352321"}],"curies":[{"name":"wp","href":"https:\/\/api.w.org\/{rel}","templated":true}]}}