{"id":352344,"date":"2025-05-03T11:09:43","date_gmt":"2025-05-03T08:09:43","guid":{"rendered":"https:\/\/sana.sy\/es\/?p=352344"},"modified":"2025-05-03T11:09:43","modified_gmt":"2025-05-03T08:09:43","slug":"parlamento-arabe-insta-la-comunidad-internacional-y-la-onu-a-frenar-ataques-israelies-en-siria","status":"publish","type":"post","link":"https:\/\/archive.sana.sy\/es\/?p=352344","title":{"rendered":"Parlamento \u00c1rabe insta la comunidad internacional y la ONU a frenar ataques israel\u00edes en Siria"},"content":{"rendered":"<p style=\"text-align: justify;\"><span style=\"color: #800000;\">El Cairo, 3 may (SANA)<\/span> El Parlamento \u00c1rabe conden\u00f3 el ataque a\u00e9reo lanzado por la entidad de ocupaci\u00f3n israel\u00ed contra las inmediaciones del palacio presidencial en Damasco.<\/p>\n<p style=\"text-align: justify;\">En una declaraci\u00f3n emitida hoy, el Parlamento afirm\u00f3 que \u201cesta incursi\u00f3n es una continuaci\u00f3n de las flagrantes violaciones y agresiones llevadas a cabo por la entidad ocupante contra la soberan\u00eda, seguridad e integridad territorial de Siria\u201d.<\/p>\n<p style=\"text-align: justify;\">La Liga \u00c1rabe pidi\u00f3 a la comunidad internacional, a las Naciones Unidas y, especialmente, al Consejo de Seguridad de la ONU, que pusieran fin a estas reiteradas violaciones cometidas por las tropas sionistas contra el Estado sirio.<\/p>\n<p style=\"text-align: justify;\">El Parlamento \u00c1rabe tambi\u00e9n reiter\u00f3 su postura firme de preservar la integridad territorial, soberan\u00eda, seguridad y la estabilidad de Siria.<\/p>\n<p style=\"text-align: justify;\">\n","protected":false},"excerpt":{"rendered":"<p>El Cairo, 3 may (SANA) El Parlamento \u00c1rabe conden\u00f3 el ataque a\u00e9reo lanzado por la entidad de ocupaci\u00f3n israel\u00ed contra las inmediaciones del palacio presidencial en Damasco. En una declaraci\u00f3n emitida hoy, el Parlamento afirm\u00f3 que \u201cesta incursi\u00f3n es una continuaci\u00f3n de las flagrantes violaciones y agresiones llevadas a cabo por la entidad ocupante contra &hellip;<\/p>\n","protected":false},"author":32,"featured_media":352345,"comment_status":"closed","ping_status":"closed","sticky":false,"template":"","format":"standard","meta":{"footnotes":""},"categories":[597,20724,467,7541],"tags":[],"class_list":["post-352344","post","type-post","status-publish","format-standard","has-post-thumbnail","","category-cinta-de-noticias","category-minuto-a-minuto","category-siria-y-el-mundo","category-ultimas-noticias"],"_links":{"self":[{"href":"https:\/\/archive.sana.sy\/es\/index.php?rest_route=\/wp\/v2\/posts\/352344"}],"collection":[{"href":"https:\/\/archive.sana.sy\/es\/index.php?rest_route=\/wp\/v2\/posts"}],"about":[{"href":"https:\/\/archive.sana.sy\/es\/index.php?rest_route=\/wp\/v2\/types\/post"}],"author":[{"embeddable":true,"href":"https:\/\/archive.sana.sy\/es\/index.php?rest_route=\/wp\/v2\/users\/32"}],"replies":[{"embeddable":true,"href":"https:\/\/archive.sana.sy\/es\/index.php?rest_route=%2Fwp%2Fv2%2Fcomments&post=352344"}],"version-history":[{"count":1,"href":"https:\/\/archive.sana.sy\/es\/index.php?rest_route=\/wp\/v2\/posts\/352344\/revisions"}],"predecessor-version":[{"id":352346,"href":"https:\/\/archive.sana.sy\/es\/index.php?rest_route=\/wp\/v2\/posts\/352344\/revisions\/352346"}],"wp:featuredmedia":[{"embeddable":true,"href":"https:\/\/archive.sana.sy\/es\/index.php?rest_route=\/wp\/v2\/media\/352345"}],"wp:attachment":[{"href":"https:\/\/archive.sana.sy\/es\/index.php?rest_route=%2Fwp%2Fv2%2Fmedia&parent=352344"}],"wp:term":[{"taxonomy":"category","embeddable":true,"href":"https:\/\/archive.sana.sy\/es\/index.php?rest_route=%2Fwp%2Fv2%2Fcategories&post=352344"},{"taxonomy":"post_tag","embeddable":true,"href":"https:\/\/archive.sana.sy\/es\/index.php?rest_route=%2Fwp%2Fv2%2Ftags&post=352344"}],"curies":[{"name":"wp","href":"https:\/\/api.w.org\/{rel}","templated":true}]}}