{"id":352347,"date":"2025-05-03T11:18:11","date_gmt":"2025-05-03T08:18:11","guid":{"rendered":"https:\/\/sana.sy\/es\/?p=352347"},"modified":"2025-05-03T11:18:11","modified_gmt":"2025-05-03T08:18:11","slug":"yemen-condena-el-ataque-aereo-israeli-cerca-del-palacio-presidencial-en-damasco","status":"publish","type":"post","link":"https:\/\/archive.sana.sy\/es\/?p=352347","title":{"rendered":"Yemen condena el ataque a\u00e9reo israel\u00ed cerca del palacio presidencial en Damasco"},"content":{"rendered":"<p style=\"text-align: justify;\"><span style=\"color: #800000;\">San\u00e1, 3 may (SANA)\u00a0<\/span> Yemen conden\u00f3 en\u00e9rgicamente el ataque a\u00e9reo israel\u00ed contra las inmediaciones del palacio presidencial en Damasco y los repetidos ataques contra territorio sirio.<\/p>\n<p style=\"text-align: justify;\">Afirm\u00f3 por medio de un comunicado, que esta agresi\u00f3n constituye una flagrante violaci\u00f3n de la soberan\u00eda de la hermana Rep\u00fablica \u00c1rabe Siria y llam\u00f3 a la comunidad internacional a asumir sus responsabilidades y detener las violaciones israel\u00edes en los pa\u00edses de la regi\u00f3n.<\/p>\n<p style=\"text-align: justify;\">La declaraci\u00f3n reiter\u00f3 la posici\u00f3n del Yemen en apoyo de la unidad de la Rep\u00fablica \u00c1rabe Siria y su integridad territorial.<\/p>\n","protected":false},"excerpt":{"rendered":"<p>San\u00e1, 3 may (SANA)\u00a0 Yemen conden\u00f3 en\u00e9rgicamente el ataque a\u00e9reo israel\u00ed contra las inmediaciones del palacio presidencial en Damasco y los repetidos ataques contra territorio sirio. Afirm\u00f3 por medio de un comunicado, que esta agresi\u00f3n constituye una flagrante violaci\u00f3n de la soberan\u00eda de la hermana Rep\u00fablica \u00c1rabe Siria y llam\u00f3 a la comunidad internacional a &hellip;<\/p>\n","protected":false},"author":32,"featured_media":352348,"comment_status":"closed","ping_status":"closed","sticky":false,"template":"","format":"standard","meta":{"footnotes":""},"categories":[597,20724,467,7541],"tags":[],"class_list":["post-352347","post","type-post","status-publish","format-standard","has-post-thumbnail","","category-cinta-de-noticias","category-minuto-a-minuto","category-siria-y-el-mundo","category-ultimas-noticias"],"_links":{"self":[{"href":"https:\/\/archive.sana.sy\/es\/index.php?rest_route=\/wp\/v2\/posts\/352347"}],"collection":[{"href":"https:\/\/archive.sana.sy\/es\/index.php?rest_route=\/wp\/v2\/posts"}],"about":[{"href":"https:\/\/archive.sana.sy\/es\/index.php?rest_route=\/wp\/v2\/types\/post"}],"author":[{"embeddable":true,"href":"https:\/\/archive.sana.sy\/es\/index.php?rest_route=\/wp\/v2\/users\/32"}],"replies":[{"embeddable":true,"href":"https:\/\/archive.sana.sy\/es\/index.php?rest_route=%2Fwp%2Fv2%2Fcomments&post=352347"}],"version-history":[{"count":1,"href":"https:\/\/archive.sana.sy\/es\/index.php?rest_route=\/wp\/v2\/posts\/352347\/revisions"}],"predecessor-version":[{"id":352349,"href":"https:\/\/archive.sana.sy\/es\/index.php?rest_route=\/wp\/v2\/posts\/352347\/revisions\/352349"}],"wp:featuredmedia":[{"embeddable":true,"href":"https:\/\/archive.sana.sy\/es\/index.php?rest_route=\/wp\/v2\/media\/352348"}],"wp:attachment":[{"href":"https:\/\/archive.sana.sy\/es\/index.php?rest_route=%2Fwp%2Fv2%2Fmedia&parent=352347"}],"wp:term":[{"taxonomy":"category","embeddable":true,"href":"https:\/\/archive.sana.sy\/es\/index.php?rest_route=%2Fwp%2Fv2%2Fcategories&post=352347"},{"taxonomy":"post_tag","embeddable":true,"href":"https:\/\/archive.sana.sy\/es\/index.php?rest_route=%2Fwp%2Fv2%2Ftags&post=352347"}],"curies":[{"name":"wp","href":"https:\/\/api.w.org\/{rel}","templated":true}]}}