{"id":352359,"date":"2025-05-03T13:46:13","date_gmt":"2025-05-03T10:46:13","guid":{"rendered":"https:\/\/sana.sy\/es\/?p=352359"},"modified":"2025-05-03T13:46:13","modified_gmt":"2025-05-03T10:46:13","slug":"siria-y-azerbaiyan-repasan-cooperacion-bilateral-en-ambito-energetico","status":"publish","type":"post","link":"https:\/\/archive.sana.sy\/es\/?p=352359","title":{"rendered":"Siria y Azerbaiy\u00e1n repasan cooperaci\u00f3n bilateral en \u00e1mbito energ\u00e9tico"},"content":{"rendered":"<p style=\"text-align: justify;\"><span style=\"color: #800000;\"><strong>\u00a0Estambul, 3 may (SANA)\u00a0<\/strong><\/span> El ministro de Energ\u00eda, Mohamed Al-Bashir, examin\u00f3 con su hom\u00f3logo azerbaiyano, Parviz Shahbazov, las v\u00edas para mejorar la cooperaci\u00f3n bilateral entre los dos pa\u00edses en el sector energ\u00e9tico.<br \/>\nEl encuentro se produjo en el marco de la Cumbre de Recursos Naturales de Estambul.<\/p>\n<p style=\"text-align: justify;\">&#8220;La reuni\u00f3n se centr\u00f3 en el suministro de gas, energ\u00eda renovable, intercambio de experiencias e inversi\u00f3n en proyectos de infraestructura energ\u00e9tica\u201d, public\u00f3 el Ministerio en su canal de Telegram.<\/p>\n<p style=\"text-align: justify;\">Asimismo, las dos partes examinaron los acontecimientos regionales e internacionales en el sector energ\u00e9tico, la importancia de coordinar posiciones en foros internacionales y destacaron la importancia de las relaciones entre los dos pa\u00edses y la ampliaci\u00f3n de las \u00e1reas de cooperaci\u00f3n.<\/p>\n","protected":false},"excerpt":{"rendered":"<p>\u00a0Estambul, 3 may (SANA)\u00a0 El ministro de Energ\u00eda, Mohamed Al-Bashir, examin\u00f3 con su hom\u00f3logo azerbaiyano, Parviz Shahbazov, las v\u00edas para mejorar la cooperaci\u00f3n bilateral entre los dos pa\u00edses en el sector energ\u00e9tico. El encuentro se produjo en el marco de la Cumbre de Recursos Naturales de Estambul. &#8220;La reuni\u00f3n se centr\u00f3 en el suministro de &hellip;<\/p>\n","protected":false},"author":32,"featured_media":352360,"comment_status":"closed","ping_status":"closed","sticky":false,"template":"","format":"standard","meta":{"footnotes":""},"categories":[597,20724,467,7541],"tags":[],"class_list":["post-352359","post","type-post","status-publish","format-standard","has-post-thumbnail","","category-cinta-de-noticias","category-minuto-a-minuto","category-siria-y-el-mundo","category-ultimas-noticias"],"_links":{"self":[{"href":"https:\/\/archive.sana.sy\/es\/index.php?rest_route=\/wp\/v2\/posts\/352359"}],"collection":[{"href":"https:\/\/archive.sana.sy\/es\/index.php?rest_route=\/wp\/v2\/posts"}],"about":[{"href":"https:\/\/archive.sana.sy\/es\/index.php?rest_route=\/wp\/v2\/types\/post"}],"author":[{"embeddable":true,"href":"https:\/\/archive.sana.sy\/es\/index.php?rest_route=\/wp\/v2\/users\/32"}],"replies":[{"embeddable":true,"href":"https:\/\/archive.sana.sy\/es\/index.php?rest_route=%2Fwp%2Fv2%2Fcomments&post=352359"}],"version-history":[{"count":1,"href":"https:\/\/archive.sana.sy\/es\/index.php?rest_route=\/wp\/v2\/posts\/352359\/revisions"}],"predecessor-version":[{"id":352361,"href":"https:\/\/archive.sana.sy\/es\/index.php?rest_route=\/wp\/v2\/posts\/352359\/revisions\/352361"}],"wp:featuredmedia":[{"embeddable":true,"href":"https:\/\/archive.sana.sy\/es\/index.php?rest_route=\/wp\/v2\/media\/352360"}],"wp:attachment":[{"href":"https:\/\/archive.sana.sy\/es\/index.php?rest_route=%2Fwp%2Fv2%2Fmedia&parent=352359"}],"wp:term":[{"taxonomy":"category","embeddable":true,"href":"https:\/\/archive.sana.sy\/es\/index.php?rest_route=%2Fwp%2Fv2%2Fcategories&post=352359"},{"taxonomy":"post_tag","embeddable":true,"href":"https:\/\/archive.sana.sy\/es\/index.php?rest_route=%2Fwp%2Fv2%2Ftags&post=352359"}],"curies":[{"name":"wp","href":"https:\/\/api.w.org\/{rel}","templated":true}]}}