{"id":352362,"date":"2025-05-03T13:50:30","date_gmt":"2025-05-03T10:50:30","guid":{"rendered":"https:\/\/sana.sy\/es\/?p=352362"},"modified":"2025-05-03T13:50:30","modified_gmt":"2025-05-03T10:50:30","slug":"libano-apoya-a-siria-frente-a-ataques-israelies","status":"publish","type":"post","link":"https:\/\/archive.sana.sy\/es\/?p=352362","title":{"rendered":"L\u00edbano apoya a Siria frente a ataques israel\u00edes"},"content":{"rendered":"<p style=\"text-align: justify;\"><span style=\"color: #800000;\">Beirut, 3 may (SANA)\u00a0<\/span> El primer ministro liban\u00e9s, Nawaf Salam, afirm\u00f3 la solidaridad de su pa\u00eds con Siria frente a la agresi\u00f3n israel\u00ed.<\/p>\n<p style=\"text-align: justify;\">&#8220;El L\u00edbano se solidariza con Siria frente a los ataques israel\u00edes y est\u00e1 plenamente comprometido con la unidad del territorio sirio&#8221;, divulg\u00f3 la Agencia Nacional de Noticias citando a Salam.<\/p>\n<p style=\"text-align: justify;\">Agreg\u00f3 que &#8220;lo que le interesa al gobierno liban\u00e9s es fortalecer la estabilidad en Siria, garantizar la seguridad de su pueblo y la realizaci\u00f3n de sus esperanzas y aspiraciones.<\/p>\n","protected":false},"excerpt":{"rendered":"<p>Beirut, 3 may (SANA)\u00a0 El primer ministro liban\u00e9s, Nawaf Salam, afirm\u00f3 la solidaridad de su pa\u00eds con Siria frente a la agresi\u00f3n israel\u00ed. &#8220;El L\u00edbano se solidariza con Siria frente a los ataques israel\u00edes y est\u00e1 plenamente comprometido con la unidad del territorio sirio&#8221;, divulg\u00f3 la Agencia Nacional de Noticias citando a Salam. Agreg\u00f3 que &hellip;<\/p>\n","protected":false},"author":32,"featured_media":352363,"comment_status":"closed","ping_status":"closed","sticky":false,"template":"","format":"standard","meta":{"footnotes":""},"categories":[597,20724,467,7541],"tags":[],"class_list":["post-352362","post","type-post","status-publish","format-standard","has-post-thumbnail","","category-cinta-de-noticias","category-minuto-a-minuto","category-siria-y-el-mundo","category-ultimas-noticias"],"_links":{"self":[{"href":"https:\/\/archive.sana.sy\/es\/index.php?rest_route=\/wp\/v2\/posts\/352362"}],"collection":[{"href":"https:\/\/archive.sana.sy\/es\/index.php?rest_route=\/wp\/v2\/posts"}],"about":[{"href":"https:\/\/archive.sana.sy\/es\/index.php?rest_route=\/wp\/v2\/types\/post"}],"author":[{"embeddable":true,"href":"https:\/\/archive.sana.sy\/es\/index.php?rest_route=\/wp\/v2\/users\/32"}],"replies":[{"embeddable":true,"href":"https:\/\/archive.sana.sy\/es\/index.php?rest_route=%2Fwp%2Fv2%2Fcomments&post=352362"}],"version-history":[{"count":1,"href":"https:\/\/archive.sana.sy\/es\/index.php?rest_route=\/wp\/v2\/posts\/352362\/revisions"}],"predecessor-version":[{"id":352364,"href":"https:\/\/archive.sana.sy\/es\/index.php?rest_route=\/wp\/v2\/posts\/352362\/revisions\/352364"}],"wp:featuredmedia":[{"embeddable":true,"href":"https:\/\/archive.sana.sy\/es\/index.php?rest_route=\/wp\/v2\/media\/352363"}],"wp:attachment":[{"href":"https:\/\/archive.sana.sy\/es\/index.php?rest_route=%2Fwp%2Fv2%2Fmedia&parent=352362"}],"wp:term":[{"taxonomy":"category","embeddable":true,"href":"https:\/\/archive.sana.sy\/es\/index.php?rest_route=%2Fwp%2Fv2%2Fcategories&post=352362"},{"taxonomy":"post_tag","embeddable":true,"href":"https:\/\/archive.sana.sy\/es\/index.php?rest_route=%2Fwp%2Fv2%2Ftags&post=352362"}],"curies":[{"name":"wp","href":"https:\/\/api.w.org\/{rel}","templated":true}]}}