{"id":352365,"date":"2025-05-03T14:04:39","date_gmt":"2025-05-03T11:04:39","guid":{"rendered":"https:\/\/sana.sy\/es\/?p=352365"},"modified":"2025-05-03T14:05:23","modified_gmt":"2025-05-03T11:05:23","slug":"pedersen-condena-energicamente-las-reiteradas-violaciones-israelies-de-la-soberania-de-siria","status":"publish","type":"post","link":"https:\/\/archive.sana.sy\/es\/?p=352365","title":{"rendered":"Pedersen condena en\u00e9rgicamente las reiteradas violaciones israel\u00edes de la soberan\u00eda de Siria"},"content":{"rendered":"<p style=\"text-align: justify;\"><span style=\"color: #800000;\">Nueva York, 3 may (SANA)<\/span> El enviado especial de la ONU para Siria, Geir Pedersen, conden\u00f3 las reiteradas violaciones israel\u00edes de la soberan\u00eda de Siria, incluidos los ataques a\u00e9reos en zonas alrededor de Damasco y otras zonas, y pidi\u00f3 respeto por el derecho internacional y la soberan\u00eda de Siria.<\/p>\n<p style=\"text-align: justify;\">&#8220;Condeno en\u00e9rgicamente las violaciones israel\u00edes a la soberan\u00eda de Siria, incluidos los ataques a\u00e9reos en las afueras de Damasco y otras ciudades, y exijo el cese inmediato de estos ataques&#8221;, escribi\u00f3 Pedersen en su cuenta X.<\/p>\n<p style=\"text-align: justify;\">Subray\u00f3 la necesidad de que Israel se abstenga de poner en peligro a los civiles sirios y respete el derecho internacional y la soberan\u00eda, unidad, integridad territorial e independencia de Siria.<\/p>\n<p style=\"text-align: justify;\">\n","protected":false},"excerpt":{"rendered":"<p>Nueva York, 3 may (SANA) El enviado especial de la ONU para Siria, Geir Pedersen, conden\u00f3 las reiteradas violaciones israel\u00edes de la soberan\u00eda de Siria, incluidos los ataques a\u00e9reos en zonas alrededor de Damasco y otras zonas, y pidi\u00f3 respeto por el derecho internacional y la soberan\u00eda de Siria. &#8220;Condeno en\u00e9rgicamente las violaciones israel\u00edes a &hellip;<\/p>\n","protected":false},"author":34,"featured_media":352366,"comment_status":"closed","ping_status":"closed","sticky":false,"template":"","format":"standard","meta":{"footnotes":""},"categories":[597,20724,467,7541],"tags":[],"class_list":["post-352365","post","type-post","status-publish","format-standard","has-post-thumbnail","","category-cinta-de-noticias","category-minuto-a-minuto","category-siria-y-el-mundo","category-ultimas-noticias"],"_links":{"self":[{"href":"https:\/\/archive.sana.sy\/es\/index.php?rest_route=\/wp\/v2\/posts\/352365"}],"collection":[{"href":"https:\/\/archive.sana.sy\/es\/index.php?rest_route=\/wp\/v2\/posts"}],"about":[{"href":"https:\/\/archive.sana.sy\/es\/index.php?rest_route=\/wp\/v2\/types\/post"}],"author":[{"embeddable":true,"href":"https:\/\/archive.sana.sy\/es\/index.php?rest_route=\/wp\/v2\/users\/34"}],"replies":[{"embeddable":true,"href":"https:\/\/archive.sana.sy\/es\/index.php?rest_route=%2Fwp%2Fv2%2Fcomments&post=352365"}],"version-history":[{"count":2,"href":"https:\/\/archive.sana.sy\/es\/index.php?rest_route=\/wp\/v2\/posts\/352365\/revisions"}],"predecessor-version":[{"id":352368,"href":"https:\/\/archive.sana.sy\/es\/index.php?rest_route=\/wp\/v2\/posts\/352365\/revisions\/352368"}],"wp:featuredmedia":[{"embeddable":true,"href":"https:\/\/archive.sana.sy\/es\/index.php?rest_route=\/wp\/v2\/media\/352366"}],"wp:attachment":[{"href":"https:\/\/archive.sana.sy\/es\/index.php?rest_route=%2Fwp%2Fv2%2Fmedia&parent=352365"}],"wp:term":[{"taxonomy":"category","embeddable":true,"href":"https:\/\/archive.sana.sy\/es\/index.php?rest_route=%2Fwp%2Fv2%2Fcategories&post=352365"},{"taxonomy":"post_tag","embeddable":true,"href":"https:\/\/archive.sana.sy\/es\/index.php?rest_route=%2Fwp%2Fv2%2Ftags&post=352365"}],"curies":[{"name":"wp","href":"https:\/\/api.w.org\/{rel}","templated":true}]}}