{"id":352379,"date":"2025-05-03T17:57:34","date_gmt":"2025-05-03T14:57:34","guid":{"rendered":"https:\/\/sana.sy\/es\/?p=352379"},"modified":"2025-05-03T17:57:34","modified_gmt":"2025-05-03T14:57:34","slug":"gobernador-de-sweida-la-provincia-avanza-hacia-la-estabilidad","status":"publish","type":"post","link":"https:\/\/archive.sana.sy\/es\/?p=352379","title":{"rendered":"Gobernador de Sweida: La provincia avanza hacia la estabilidad"},"content":{"rendered":"<p style=\"text-align: justify;\"><span style=\"color: #800000;\"><strong>Sweida, 3 may (SANA)<\/strong><\/span> El gobernador de la provincia de Sweida, Mustafa Al-Bakour, afirm\u00f3 hoy que el reciente acuerdo de seguridad en la gobernaci\u00f3n se produjo por iniciativa de los habitantes de Sweida y sus dignatarios y notables.<\/p>\n<p style=\"text-align: justify;\">Al-Bakour dijo en una entrevista con Syria TV, que \u201cvarios j\u00f3venes de Sweida se han unido a las filas de la Seguridad General para contribuir a organizar la seguridad interna y activar el papel de las instituciones\u201d.<\/p>\n<p style=\"text-align: justify;\">Subray\u00f3 la necesidad de limitar las armas en manos del Estado, y que cualquier persona que porte un arma ligera debe obtener una licencia o trabajar en el marco del Ministerio de Defensa o la Seguridad General.<\/p>\n<p style=\"text-align: justify;\">El gobernador explic\u00f3 que el presidente Ahmad Al-Shara y el ministro del Interior, Anas Khattab, est\u00e1n siguiendo de cerca la evoluci\u00f3n de la situaci\u00f3n de seguridad en Sweida, y expres\u00f3 su confianza en que la provincia est\u00e1 avanzando hacia una nueva fase de estabilidad a trav\u00e9s de la cooperaci\u00f3n civil y gubernamental conjunta.<\/p>\n<p style=\"text-align: justify;\">Notables de la provincia emitieron ayer una declaraci\u00f3n en la que expresan su compromiso con los principios nacionales y destacaron la importancia de activar el papel del Ministerio del Interior y de la polic\u00eda en la provincia.<\/p>\n","protected":false},"excerpt":{"rendered":"<p>Sweida, 3 may (SANA) El gobernador de la provincia de Sweida, Mustafa Al-Bakour, afirm\u00f3 hoy que el reciente acuerdo de seguridad en la gobernaci\u00f3n se produjo por iniciativa de los habitantes de Sweida y sus dignatarios y notables. Al-Bakour dijo en una entrevista con Syria TV, que \u201cvarios j\u00f3venes de Sweida se han unido a &hellip;<\/p>\n","protected":false},"author":31,"featured_media":352380,"comment_status":"closed","ping_status":"closed","sticky":false,"template":"","format":"standard","meta":{"footnotes":""},"categories":[597,476,7541],"tags":[],"class_list":["post-352379","post","type-post","status-publish","format-standard","has-post-thumbnail","","category-cinta-de-noticias","category-locales","category-ultimas-noticias"],"_links":{"self":[{"href":"https:\/\/archive.sana.sy\/es\/index.php?rest_route=\/wp\/v2\/posts\/352379"}],"collection":[{"href":"https:\/\/archive.sana.sy\/es\/index.php?rest_route=\/wp\/v2\/posts"}],"about":[{"href":"https:\/\/archive.sana.sy\/es\/index.php?rest_route=\/wp\/v2\/types\/post"}],"author":[{"embeddable":true,"href":"https:\/\/archive.sana.sy\/es\/index.php?rest_route=\/wp\/v2\/users\/31"}],"replies":[{"embeddable":true,"href":"https:\/\/archive.sana.sy\/es\/index.php?rest_route=%2Fwp%2Fv2%2Fcomments&post=352379"}],"version-history":[{"count":1,"href":"https:\/\/archive.sana.sy\/es\/index.php?rest_route=\/wp\/v2\/posts\/352379\/revisions"}],"predecessor-version":[{"id":352381,"href":"https:\/\/archive.sana.sy\/es\/index.php?rest_route=\/wp\/v2\/posts\/352379\/revisions\/352381"}],"wp:featuredmedia":[{"embeddable":true,"href":"https:\/\/archive.sana.sy\/es\/index.php?rest_route=\/wp\/v2\/media\/352380"}],"wp:attachment":[{"href":"https:\/\/archive.sana.sy\/es\/index.php?rest_route=%2Fwp%2Fv2%2Fmedia&parent=352379"}],"wp:term":[{"taxonomy":"category","embeddable":true,"href":"https:\/\/archive.sana.sy\/es\/index.php?rest_route=%2Fwp%2Fv2%2Fcategories&post=352379"},{"taxonomy":"post_tag","embeddable":true,"href":"https:\/\/archive.sana.sy\/es\/index.php?rest_route=%2Fwp%2Fv2%2Ftags&post=352379"}],"curies":[{"name":"wp","href":"https:\/\/api.w.org\/{rel}","templated":true}]}}