{"id":352382,"date":"2025-05-03T18:29:46","date_gmt":"2025-05-03T15:29:46","guid":{"rendered":"https:\/\/sana.sy\/es\/?p=352382"},"modified":"2025-05-03T18:49:25","modified_gmt":"2025-05-03T15:49:25","slug":"trabajan-para-ingresar-a-maloula-en-la-lista-del-patrimonio-mundial","status":"publish","type":"post","link":"https:\/\/archive.sana.sy\/es\/?p=352382","title":{"rendered":"Trabajan para ingresar a Maloula en la Lista del Patrimonio Mundial"},"content":{"rendered":"<p style=\"text-align: justify;\"><span style=\"color: #800000;\"><strong>Damasco, 3 may (SANA)<\/strong><\/span> El director general del Departamento de Antig\u00fcedades y Museos, Anas Haj Zidane, visit\u00f3 los monumentos arqueol\u00f3gicos e hist\u00f3ricos de la ciudad de Maloula, ubicada a unos 40 kil\u00f3metros al norte de Damasco, la capital siria.<\/p>\n<p>La visita incluy\u00f3 un recorrido por varias iglesias y cuevas hist\u00f3ricos, adem\u00e1s del ca\u00f1\u00f3n de Santa Tecla, uno de los monumentos religiosos y tur\u00edsticos m\u00e1s destacados de la regi\u00f3n.<\/p>\n<p style=\"text-align: justify;\">El referido Departamento, en cooperaci\u00f3n con las autoridades pertinentes y la comunidad local, y bajo la supervisi\u00f3n de expertos de la organizaci\u00f3n internacional ICOMOS, est\u00e1 preparando actualmente la documentaci\u00f3n necesaria para presentar la candidatura para que Maaloula ingrese en la Lista del Patrimonio Mundial.<\/p>\n<p style=\"text-align: justify;\">Siria tiene siete sitios registrados en la Lista del Patrimonio Mundial que son: Damasco Viejo registrado en 1979, Bosra y Palmira en 1980, Alepo Viejo en 1986, el Crac de los Caballeros en Homs y la Ciudadela de Saladino en Latakia en 2006, y Las ciudades olvidadas de Idlib y Alepo en 2011.<\/p>\n<p style=\"text-align: justify;\">Maloula es uno de los pueblos m\u00e1s antiguos de Siria y del mundo, y es el \u00fanico cuyos habitantes hablan el arameo, la lengua de Cristo, hasta nuestros d\u00edas.<\/p>\n<div id='gallery-1' class='gallery galleryid-352382 gallery-columns-1 gallery-size-full'><figure class='gallery-item'>\n\t\t\t<div class='gallery-icon portrait'>\n\t\t\t\t<a href='https:\/\/archive.sana.sy\/es\/wp-content\/uploads\/2025\/05\/photo_2025-05-02_20-49-29-2-copy.jpg'><img loading=\"lazy\" decoding=\"async\" width=\"660\" height=\"881\" src=\"https:\/\/archive.sana.sy\/es\/wp-content\/uploads\/2025\/05\/photo_2025-05-02_20-49-29-2-copy.jpg\" class=\"attachment-full size-full\" alt=\"\" srcset=\"https:\/\/archive.sana.sy\/es\/wp-content\/uploads\/2025\/05\/photo_2025-05-02_20-49-29-2-copy.jpg 660w, https:\/\/archive.sana.sy\/es\/wp-content\/uploads\/2025\/05\/photo_2025-05-02_20-49-29-2-copy-225x300.jpg 225w, https:\/\/archive.sana.sy\/es\/wp-content\/uploads\/2025\/05\/photo_2025-05-02_20-49-29-2-copy-112x150.jpg 112w\" sizes=\"(max-width: 660px) 100vw, 660px\" \/><\/a>\n\t\t\t<\/div><\/figure><figure class='gallery-item'>\n\t\t\t<div class='gallery-icon portrait'>\n\t\t\t\t<a href='https:\/\/archive.sana.sy\/es\/wp-content\/uploads\/2025\/05\/photo_2025-05-02_20-49-29-copy.jpg'><img loading=\"lazy\" decoding=\"async\" width=\"660\" height=\"881\" src=\"https:\/\/archive.sana.sy\/es\/wp-content\/uploads\/2025\/05\/photo_2025-05-02_20-49-29-copy.jpg\" class=\"attachment-full size-full\" alt=\"\" srcset=\"https:\/\/archive.sana.sy\/es\/wp-content\/uploads\/2025\/05\/photo_2025-05-02_20-49-29-copy.jpg 660w, https:\/\/archive.sana.sy\/es\/wp-content\/uploads\/2025\/05\/photo_2025-05-02_20-49-29-copy-225x300.jpg 225w, https:\/\/archive.sana.sy\/es\/wp-content\/uploads\/2025\/05\/photo_2025-05-02_20-49-29-copy-112x150.jpg 112w\" sizes=\"(max-width: 660px) 100vw, 660px\" \/><\/a>\n\t\t\t<\/div><\/figure>\n\t\t<\/div>\n\n","protected":false},"excerpt":{"rendered":"<p>Damasco, 3 may (SANA) El director general del Departamento de Antig\u00fcedades y Museos, Anas Haj Zidane, visit\u00f3 los monumentos arqueol\u00f3gicos e hist\u00f3ricos de la ciudad de Maloula, ubicada a unos 40 kil\u00f3metros al norte de Damasco, la capital siria. La visita incluy\u00f3 un recorrido por varias iglesias y cuevas hist\u00f3ricos, adem\u00e1s del ca\u00f1\u00f3n de Santa &hellip;<\/p>\n","protected":false},"author":31,"featured_media":352383,"comment_status":"closed","ping_status":"closed","sticky":false,"template":"","format":"standard","meta":{"footnotes":""},"categories":[597,476,7541],"tags":[],"class_list":["post-352382","post","type-post","status-publish","format-standard","has-post-thumbnail","","category-cinta-de-noticias","category-locales","category-ultimas-noticias"],"_links":{"self":[{"href":"https:\/\/archive.sana.sy\/es\/index.php?rest_route=\/wp\/v2\/posts\/352382"}],"collection":[{"href":"https:\/\/archive.sana.sy\/es\/index.php?rest_route=\/wp\/v2\/posts"}],"about":[{"href":"https:\/\/archive.sana.sy\/es\/index.php?rest_route=\/wp\/v2\/types\/post"}],"author":[{"embeddable":true,"href":"https:\/\/archive.sana.sy\/es\/index.php?rest_route=\/wp\/v2\/users\/31"}],"replies":[{"embeddable":true,"href":"https:\/\/archive.sana.sy\/es\/index.php?rest_route=%2Fwp%2Fv2%2Fcomments&post=352382"}],"version-history":[{"count":3,"href":"https:\/\/archive.sana.sy\/es\/index.php?rest_route=\/wp\/v2\/posts\/352382\/revisions"}],"predecessor-version":[{"id":352388,"href":"https:\/\/archive.sana.sy\/es\/index.php?rest_route=\/wp\/v2\/posts\/352382\/revisions\/352388"}],"wp:featuredmedia":[{"embeddable":true,"href":"https:\/\/archive.sana.sy\/es\/index.php?rest_route=\/wp\/v2\/media\/352383"}],"wp:attachment":[{"href":"https:\/\/archive.sana.sy\/es\/index.php?rest_route=%2Fwp%2Fv2%2Fmedia&parent=352382"}],"wp:term":[{"taxonomy":"category","embeddable":true,"href":"https:\/\/archive.sana.sy\/es\/index.php?rest_route=%2Fwp%2Fv2%2Fcategories&post=352382"},{"taxonomy":"post_tag","embeddable":true,"href":"https:\/\/archive.sana.sy\/es\/index.php?rest_route=%2Fwp%2Fv2%2Ftags&post=352382"}],"curies":[{"name":"wp","href":"https:\/\/api.w.org\/{rel}","templated":true}]}}