{"id":35241,"date":"2015-12-16T20:29:07","date_gmt":"2015-12-16T18:29:07","guid":{"rendered":"http:\/\/sana.sy\/es\/?p=35241"},"modified":"2015-12-16T20:29:07","modified_gmt":"2015-12-16T18:29:07","slug":"al-zoubi-la-causa-palestina-es-la-causa-principal-de-todos-los-sirios","status":"publish","type":"post","link":"https:\/\/archive.sana.sy\/es\/?p=35241","title":{"rendered":"Al-Zoubi: la causa palestina es la causa principal de todos los sirios"},"content":{"rendered":"<p style=\"text-align: justify\"><span style=\"color: #800000\">Damasco, SANA<\/span>&#8211; El ministro de Informaci\u00f3n Omran al-Zoubi, afirm\u00f3 el mi\u00e9rcoles que la postura de apoyo de Siria hacia el pueblo palestino es firme hasta la recuperaci\u00f3n de todos los derechos del pueblo palestino y poner fin a la ocupaci\u00f3n israel\u00ed de los territorios palestinos y la construcci\u00f3n de su Estado independiente cuyo capital sea Jerusal\u00e9n.<\/p>\n<p style=\"text-align: justify\">Durante su reuni\u00f3n con una delegaci\u00f3n de la Organizaci\u00f3n de Liberaci\u00f3n de Palestina (OLP), encabezada por el miembro del Comit\u00e9 Ejecutivo de la OLP Ahmad Majdalani, al-Zoubi dijo que la causa palestina es la causa principal de todos los sirios, agregando que los sirios no van a abandonarla a pesar de la guerra librada contra su propio pa\u00eds debido a sus posiciones nacionales.<\/p>\n<p style=\"text-align: justify\">El ministro se\u00f1al\u00f3 que el Ministerio de Informaci\u00f3n sirio, da la bienvenida a cualquier tipo de cooperaci\u00f3n entre los medios de comunicaci\u00f3n sirios y palestinos, expresando la disposici\u00f3n del ministerio de proporcionar todo tipo de ayuda para mejorar esta cooperaci\u00f3n.<\/p>\n<p style=\"text-align: justify\">Por su parte, Majdalani reiter\u00f3 el apoyo de los dirigentes palestinos para resolver la crisis en Siria pol\u00edticamente con el fin de preservar su independencia, su soberanea y su papel en los \u00e1mbitos regionales e internacionales.<\/p>\n<p>M.Miri<\/p>\n","protected":false},"excerpt":{"rendered":"<p>Damasco, SANA&#8211; El ministro de Informaci\u00f3n Omran al-Zoubi, afirm\u00f3 el mi\u00e9rcoles que la postura de apoyo de Siria hacia el pueblo palestino es firme hasta la recuperaci\u00f3n de todos los derechos del pueblo palestino y poner fin a la ocupaci\u00f3n israel\u00ed de los territorios palestinos y la construcci\u00f3n de su Estado independiente cuyo capital sea &hellip;<\/p>\n","protected":false},"author":1,"featured_media":35242,"comment_status":"closed","ping_status":"closed","sticky":false,"template":"","format":"standard","meta":{"footnotes":""},"categories":[477,456,476,457],"tags":[7602],"class_list":["post-35241","post","type-post","status-publish","format-standard","has-post-thumbnail","","category-noticias-edulcorantes","category-arabe-internacional-politica","category-locales","category-noticias-arabe-internacional-politica","tag-al-zoubi-la-causa-palestina-es-la-causa-principal-de-todos-los-sirios"],"_links":{"self":[{"href":"https:\/\/archive.sana.sy\/es\/index.php?rest_route=\/wp\/v2\/posts\/35241"}],"collection":[{"href":"https:\/\/archive.sana.sy\/es\/index.php?rest_route=\/wp\/v2\/posts"}],"about":[{"href":"https:\/\/archive.sana.sy\/es\/index.php?rest_route=\/wp\/v2\/types\/post"}],"author":[{"embeddable":true,"href":"https:\/\/archive.sana.sy\/es\/index.php?rest_route=\/wp\/v2\/users\/1"}],"replies":[{"embeddable":true,"href":"https:\/\/archive.sana.sy\/es\/index.php?rest_route=%2Fwp%2Fv2%2Fcomments&post=35241"}],"version-history":[{"count":0,"href":"https:\/\/archive.sana.sy\/es\/index.php?rest_route=\/wp\/v2\/posts\/35241\/revisions"}],"wp:featuredmedia":[{"embeddable":true,"href":"https:\/\/archive.sana.sy\/es\/index.php?rest_route=\/wp\/v2\/media\/35242"}],"wp:attachment":[{"href":"https:\/\/archive.sana.sy\/es\/index.php?rest_route=%2Fwp%2Fv2%2Fmedia&parent=35241"}],"wp:term":[{"taxonomy":"category","embeddable":true,"href":"https:\/\/archive.sana.sy\/es\/index.php?rest_route=%2Fwp%2Fv2%2Fcategories&post=35241"},{"taxonomy":"post_tag","embeddable":true,"href":"https:\/\/archive.sana.sy\/es\/index.php?rest_route=%2Fwp%2Fv2%2Ftags&post=35241"}],"curies":[{"name":"wp","href":"https:\/\/api.w.org\/{rel}","templated":true}]}}