{"id":352424,"date":"2025-05-04T12:50:59","date_gmt":"2025-05-04T09:50:59","guid":{"rendered":"https:\/\/sana.sy\/es\/?p=352424"},"modified":"2025-05-04T12:50:59","modified_gmt":"2025-05-04T09:50:59","slug":"ofrecen-condolencias-a-familia-de-un-efectivo-de-seguridad-que-perdio-la-vida-en-ataque-israeli-a-sehnaya","status":"publish","type":"post","link":"https:\/\/archive.sana.sy\/es\/?p=352424","title":{"rendered":"Ofrecen condolencias a familia de un efectivo de seguridad que perdi\u00f3 la vida en ataque israel\u00ed a Sehnaya"},"content":{"rendered":"<p style=\"text-align: justify;\"><span style=\"color: #800000;\"><strong>Damasco-campo 4 may (SANA) <\/strong><\/span>El gobernador de Damasco-campo, Amer Al-Sheikh, acompa\u00f1ado por el jefe del Departamento de Seguridad, Hussam Al-Tahhan, ofreci\u00f3 sus condolencias a la familia de un efectivo de seguridad que muri\u00f3 en ataque israel\u00ed en las zonas de Sehnaya y Ashrafiet Sehnaya.<\/p>\n<div id='gallery-1' class='gallery galleryid-352424 gallery-columns-1 gallery-size-full'><figure class='gallery-item'>\n\t\t\t<div class='gallery-icon landscape'>\n\t\t\t\t<a href='https:\/\/archive.sana.sy\/es\/wp-content\/uploads\/2025\/05\/1-6.jpg'><img loading=\"lazy\" decoding=\"async\" width=\"660\" height=\"440\" src=\"https:\/\/archive.sana.sy\/es\/wp-content\/uploads\/2025\/05\/1-6.jpg\" class=\"attachment-full size-full\" alt=\"\" srcset=\"https:\/\/archive.sana.sy\/es\/wp-content\/uploads\/2025\/05\/1-6.jpg 660w, https:\/\/archive.sana.sy\/es\/wp-content\/uploads\/2025\/05\/1-6-300x200.jpg 300w, https:\/\/archive.sana.sy\/es\/wp-content\/uploads\/2025\/05\/1-6-150x100.jpg 150w\" sizes=\"(max-width: 660px) 100vw, 660px\" \/><\/a>\n\t\t\t<\/div><\/figure><figure class='gallery-item'>\n\t\t\t<div class='gallery-icon landscape'>\n\t\t\t\t<a href='https:\/\/archive.sana.sy\/es\/wp-content\/uploads\/2025\/05\/2-5.jpg'><img loading=\"lazy\" decoding=\"async\" width=\"660\" height=\"440\" src=\"https:\/\/archive.sana.sy\/es\/wp-content\/uploads\/2025\/05\/2-5.jpg\" class=\"attachment-full size-full\" alt=\"\" srcset=\"https:\/\/archive.sana.sy\/es\/wp-content\/uploads\/2025\/05\/2-5.jpg 660w, https:\/\/archive.sana.sy\/es\/wp-content\/uploads\/2025\/05\/2-5-300x200.jpg 300w, https:\/\/archive.sana.sy\/es\/wp-content\/uploads\/2025\/05\/2-5-150x100.jpg 150w\" sizes=\"(max-width: 660px) 100vw, 660px\" \/><\/a>\n\t\t\t<\/div><\/figure><figure class='gallery-item'>\n\t\t\t<div class='gallery-icon landscape'>\n\t\t\t\t<a href='https:\/\/archive.sana.sy\/es\/wp-content\/uploads\/2025\/05\/7-2.jpg'><img loading=\"lazy\" decoding=\"async\" width=\"660\" height=\"440\" src=\"https:\/\/archive.sana.sy\/es\/wp-content\/uploads\/2025\/05\/7-2.jpg\" class=\"attachment-full size-full\" alt=\"\" srcset=\"https:\/\/archive.sana.sy\/es\/wp-content\/uploads\/2025\/05\/7-2.jpg 660w, https:\/\/archive.sana.sy\/es\/wp-content\/uploads\/2025\/05\/7-2-300x200.jpg 300w, https:\/\/archive.sana.sy\/es\/wp-content\/uploads\/2025\/05\/7-2-150x100.jpg 150w\" sizes=\"(max-width: 660px) 100vw, 660px\" \/><\/a>\n\t\t\t<\/div><\/figure><figure class='gallery-item'>\n\t\t\t<div class='gallery-icon landscape'>\n\t\t\t\t<a href='https:\/\/archive.sana.sy\/es\/wp-content\/uploads\/2025\/05\/5-4.jpg'><img loading=\"lazy\" decoding=\"async\" width=\"660\" height=\"440\" src=\"https:\/\/archive.sana.sy\/es\/wp-content\/uploads\/2025\/05\/5-4.jpg\" class=\"attachment-full size-full\" alt=\"\" srcset=\"https:\/\/archive.sana.sy\/es\/wp-content\/uploads\/2025\/05\/5-4.jpg 660w, https:\/\/archive.sana.sy\/es\/wp-content\/uploads\/2025\/05\/5-4-300x200.jpg 300w, https:\/\/archive.sana.sy\/es\/wp-content\/uploads\/2025\/05\/5-4-150x100.jpg 150w\" sizes=\"(max-width: 660px) 100vw, 660px\" \/><\/a>\n\t\t\t<\/div><\/figure>\n\t\t<\/div>\n\n","protected":false},"excerpt":{"rendered":"<p>Damasco-campo 4 may (SANA) El gobernador de Damasco-campo, Amer Al-Sheikh, acompa\u00f1ado por el jefe del Departamento de Seguridad, Hussam Al-Tahhan, ofreci\u00f3 sus condolencias a la familia de un efectivo de seguridad que muri\u00f3 en ataque israel\u00ed en las zonas de Sehnaya y Ashrafiet Sehnaya.<\/p>\n","protected":false},"author":42,"featured_media":352425,"comment_status":"closed","ping_status":"closed","sticky":false,"template":"","format":"standard","meta":{"footnotes":""},"categories":[597,20724,476,7541],"tags":[],"class_list":["post-352424","post","type-post","status-publish","format-standard","has-post-thumbnail","","category-cinta-de-noticias","category-minuto-a-minuto","category-locales","category-ultimas-noticias"],"_links":{"self":[{"href":"https:\/\/archive.sana.sy\/es\/index.php?rest_route=\/wp\/v2\/posts\/352424"}],"collection":[{"href":"https:\/\/archive.sana.sy\/es\/index.php?rest_route=\/wp\/v2\/posts"}],"about":[{"href":"https:\/\/archive.sana.sy\/es\/index.php?rest_route=\/wp\/v2\/types\/post"}],"author":[{"embeddable":true,"href":"https:\/\/archive.sana.sy\/es\/index.php?rest_route=\/wp\/v2\/users\/42"}],"replies":[{"embeddable":true,"href":"https:\/\/archive.sana.sy\/es\/index.php?rest_route=%2Fwp%2Fv2%2Fcomments&post=352424"}],"version-history":[{"count":1,"href":"https:\/\/archive.sana.sy\/es\/index.php?rest_route=\/wp\/v2\/posts\/352424\/revisions"}],"predecessor-version":[{"id":352430,"href":"https:\/\/archive.sana.sy\/es\/index.php?rest_route=\/wp\/v2\/posts\/352424\/revisions\/352430"}],"wp:featuredmedia":[{"embeddable":true,"href":"https:\/\/archive.sana.sy\/es\/index.php?rest_route=\/wp\/v2\/media\/352425"}],"wp:attachment":[{"href":"https:\/\/archive.sana.sy\/es\/index.php?rest_route=%2Fwp%2Fv2%2Fmedia&parent=352424"}],"wp:term":[{"taxonomy":"category","embeddable":true,"href":"https:\/\/archive.sana.sy\/es\/index.php?rest_route=%2Fwp%2Fv2%2Fcategories&post=352424"},{"taxonomy":"post_tag","embeddable":true,"href":"https:\/\/archive.sana.sy\/es\/index.php?rest_route=%2Fwp%2Fv2%2Ftags&post=352424"}],"curies":[{"name":"wp","href":"https:\/\/api.w.org\/{rel}","templated":true}]}}