{"id":352431,"date":"2025-05-04T13:00:19","date_gmt":"2025-05-04T10:00:19","guid":{"rendered":"https:\/\/sana.sy\/es\/?p=352431"},"modified":"2025-05-04T13:00:53","modified_gmt":"2025-05-04T10:00:53","slug":"liberan-a-22-personas-detenidas-en-sehnaya-y-ashrafiet-sehnaya","status":"publish","type":"post","link":"https:\/\/archive.sana.sy\/es\/?p=352431","title":{"rendered":"Liberan a 22 personas detenidas en Sehnaya y Ashrafiet Sehnaya"},"content":{"rendered":"<p style=\"text-align: justify;\"><span style=\"color: #800000;\"><strong>Damasco-campo, 4 may (SANA)<\/strong> <\/span>El Ministerio del Interior y el Departamento de Seguridad de la ciudad de Dareya liberaron hoy a 22 personas que fueron detenidas durante los recientes acontecimientos ocurridos en las zonas de Sehnaya y Ashrafiet Sehnaya, en la gobernaci\u00f3n de Damasco-campo.<\/p>\n<p style=\"text-align: justify;\">La liberaci\u00f3n se efectu\u00f3 despu\u00e9s de que se comprobara que no cometieron cr\u00edmenes de magnicidio.<\/p>\n<div id='gallery-1' class='gallery galleryid-352431 gallery-columns-1 gallery-size-full'><figure class='gallery-item'>\n\t\t\t<div class='gallery-icon landscape'>\n\t\t\t\t<a href='https:\/\/archive.sana.sy\/es\/wp-content\/uploads\/2025\/05\/2-4.jpg'><img loading=\"lazy\" decoding=\"async\" width=\"660\" height=\"469\" src=\"https:\/\/archive.sana.sy\/es\/wp-content\/uploads\/2025\/05\/2-4.jpg\" class=\"attachment-full size-full\" alt=\"\" srcset=\"https:\/\/archive.sana.sy\/es\/wp-content\/uploads\/2025\/05\/2-4.jpg 660w, https:\/\/archive.sana.sy\/es\/wp-content\/uploads\/2025\/05\/2-4-300x213.jpg 300w, https:\/\/archive.sana.sy\/es\/wp-content\/uploads\/2025\/05\/2-4-150x107.jpg 150w\" sizes=\"(max-width: 660px) 100vw, 660px\" \/><\/a>\n\t\t\t<\/div><\/figure><figure class='gallery-item'>\n\t\t\t<div class='gallery-icon landscape'>\n\t\t\t\t<a href='https:\/\/archive.sana.sy\/es\/wp-content\/uploads\/2025\/05\/photo_2025-05-04_10-35-50.jpg'><img loading=\"lazy\" decoding=\"async\" width=\"660\" height=\"472\" src=\"https:\/\/archive.sana.sy\/es\/wp-content\/uploads\/2025\/05\/photo_2025-05-04_10-35-50.jpg\" class=\"attachment-full size-full\" alt=\"\" srcset=\"https:\/\/archive.sana.sy\/es\/wp-content\/uploads\/2025\/05\/photo_2025-05-04_10-35-50.jpg 660w, https:\/\/archive.sana.sy\/es\/wp-content\/uploads\/2025\/05\/photo_2025-05-04_10-35-50-300x215.jpg 300w, https:\/\/archive.sana.sy\/es\/wp-content\/uploads\/2025\/05\/photo_2025-05-04_10-35-50-150x107.jpg 150w\" sizes=\"(max-width: 660px) 100vw, 660px\" \/><\/a>\n\t\t\t<\/div><\/figure>\n\t\t<\/div>\n\n","protected":false},"excerpt":{"rendered":"<p>Damasco-campo, 4 may (SANA) El Ministerio del Interior y el Departamento de Seguridad de la ciudad de Dareya liberaron hoy a 22 personas que fueron detenidas durante los recientes acontecimientos ocurridos en las zonas de Sehnaya y Ashrafiet Sehnaya, en la gobernaci\u00f3n de Damasco-campo. La liberaci\u00f3n se efectu\u00f3 despu\u00e9s de que se comprobara que no &hellip;<\/p>\n","protected":false},"author":42,"featured_media":352435,"comment_status":"closed","ping_status":"closed","sticky":false,"template":"","format":"standard","meta":{"footnotes":""},"categories":[597,20724,476,7541],"tags":[],"class_list":["post-352431","post","type-post","status-publish","format-standard","has-post-thumbnail","","category-cinta-de-noticias","category-minuto-a-minuto","category-locales","category-ultimas-noticias"],"_links":{"self":[{"href":"https:\/\/archive.sana.sy\/es\/index.php?rest_route=\/wp\/v2\/posts\/352431"}],"collection":[{"href":"https:\/\/archive.sana.sy\/es\/index.php?rest_route=\/wp\/v2\/posts"}],"about":[{"href":"https:\/\/archive.sana.sy\/es\/index.php?rest_route=\/wp\/v2\/types\/post"}],"author":[{"embeddable":true,"href":"https:\/\/archive.sana.sy\/es\/index.php?rest_route=\/wp\/v2\/users\/42"}],"replies":[{"embeddable":true,"href":"https:\/\/archive.sana.sy\/es\/index.php?rest_route=%2Fwp%2Fv2%2Fcomments&post=352431"}],"version-history":[{"count":1,"href":"https:\/\/archive.sana.sy\/es\/index.php?rest_route=\/wp\/v2\/posts\/352431\/revisions"}],"predecessor-version":[{"id":352434,"href":"https:\/\/archive.sana.sy\/es\/index.php?rest_route=\/wp\/v2\/posts\/352431\/revisions\/352434"}],"wp:featuredmedia":[{"embeddable":true,"href":"https:\/\/archive.sana.sy\/es\/index.php?rest_route=\/wp\/v2\/media\/352435"}],"wp:attachment":[{"href":"https:\/\/archive.sana.sy\/es\/index.php?rest_route=%2Fwp%2Fv2%2Fmedia&parent=352431"}],"wp:term":[{"taxonomy":"category","embeddable":true,"href":"https:\/\/archive.sana.sy\/es\/index.php?rest_route=%2Fwp%2Fv2%2Fcategories&post=352431"},{"taxonomy":"post_tag","embeddable":true,"href":"https:\/\/archive.sana.sy\/es\/index.php?rest_route=%2Fwp%2Fv2%2Ftags&post=352431"}],"curies":[{"name":"wp","href":"https:\/\/api.w.org\/{rel}","templated":true}]}}