{"id":352436,"date":"2025-05-04T13:56:08","date_gmt":"2025-05-04T10:56:08","guid":{"rendered":"https:\/\/sana.sy\/es\/?p=352436"},"modified":"2025-05-04T13:56:08","modified_gmt":"2025-05-04T10:56:08","slug":"fmi-estamos-dispuestos-a-apoyar-a-siria","status":"publish","type":"post","link":"https:\/\/archive.sana.sy\/es\/?p=352436","title":{"rendered":"FMI: Estamos dispuestos a apoyar a Siria"},"content":{"rendered":"<p style=\"text-align: justify;\"><span style=\"color: #800000;\"><strong>Washington, 4 may (SANA)<\/strong><\/span> El jefe del Departamento de Oriente Medio y Asia Central del Fondo Monetario Internacional, Jihad Azour, confirm\u00f3 la existencia de contactos oficiales entre el gobierno sirio y el Fondo.<\/p>\n<p style=\"text-align: justify;\">En una entrevista con el canal de televisi\u00f3n jordano Al Mamlaka, Azour revel\u00f3 que la comunicaci\u00f3n oficial entre el gobierno sirio y el Fondo incluy\u00f3 varias reuniones en las que Damasco present\u00f3 una solicitud para reactivar sus relaciones con el Fondo y reactivar su membres\u00eda, que no estaba oficialmente congelada, pero estuvo casi inactiva durante la guerra que comenz\u00f3 en 2011.<\/p>\n<p style=\"text-align: justify;\">Azour afirm\u00f3 la disposici\u00f3n del Fondo de apoyar a Siria y a todos los Estados miembros, y explic\u00f3 que la ausencia de datos econ\u00f3micos sobre Siria en el \u00faltimo informe del Fondo se debe a la falta de disponibilidad de cifras oficiales por parte de las autoridades sirias debido a la guerra y a su falta de capacidades t\u00e9cnicas necesarias para recopilar estad\u00edsticas en los \u00faltimos a\u00f1os&#8221;.<\/p>\n<p style=\"text-align: justify;\">Azour se\u00f1al\u00f3 que las recientes reuniones de primavera del FMI en Washington incluyeron una sesi\u00f3n de alto nivel para discutir la situaci\u00f3n siria, los desaf\u00edos actuales y las formas de mejorar la cooperaci\u00f3n con Damasco en el pr\u00f3ximo per\u00edodo.<\/p>\n<p style=\"text-align: justify;\">El ministro de Finanzas, Mohammad Yasser Barnieh, hab\u00eda anunciado previamente que el Fondo hab\u00eda designado a Ron Van Ruden como el primer jefe de misi\u00f3n del Fondo en Siria.<\/p>\n","protected":false},"excerpt":{"rendered":"<p>Washington, 4 may (SANA) El jefe del Departamento de Oriente Medio y Asia Central del Fondo Monetario Internacional, Jihad Azour, confirm\u00f3 la existencia de contactos oficiales entre el gobierno sirio y el Fondo. En una entrevista con el canal de televisi\u00f3n jordano Al Mamlaka, Azour revel\u00f3 que la comunicaci\u00f3n oficial entre el gobierno sirio y &hellip;<\/p>\n","protected":false},"author":42,"featured_media":352437,"comment_status":"closed","ping_status":"closed","sticky":false,"template":"","format":"standard","meta":{"footnotes":""},"categories":[597,20724,467,7541],"tags":[],"class_list":["post-352436","post","type-post","status-publish","format-standard","has-post-thumbnail","","category-cinta-de-noticias","category-minuto-a-minuto","category-siria-y-el-mundo","category-ultimas-noticias"],"_links":{"self":[{"href":"https:\/\/archive.sana.sy\/es\/index.php?rest_route=\/wp\/v2\/posts\/352436"}],"collection":[{"href":"https:\/\/archive.sana.sy\/es\/index.php?rest_route=\/wp\/v2\/posts"}],"about":[{"href":"https:\/\/archive.sana.sy\/es\/index.php?rest_route=\/wp\/v2\/types\/post"}],"author":[{"embeddable":true,"href":"https:\/\/archive.sana.sy\/es\/index.php?rest_route=\/wp\/v2\/users\/42"}],"replies":[{"embeddable":true,"href":"https:\/\/archive.sana.sy\/es\/index.php?rest_route=%2Fwp%2Fv2%2Fcomments&post=352436"}],"version-history":[{"count":1,"href":"https:\/\/archive.sana.sy\/es\/index.php?rest_route=\/wp\/v2\/posts\/352436\/revisions"}],"predecessor-version":[{"id":352438,"href":"https:\/\/archive.sana.sy\/es\/index.php?rest_route=\/wp\/v2\/posts\/352436\/revisions\/352438"}],"wp:featuredmedia":[{"embeddable":true,"href":"https:\/\/archive.sana.sy\/es\/index.php?rest_route=\/wp\/v2\/media\/352437"}],"wp:attachment":[{"href":"https:\/\/archive.sana.sy\/es\/index.php?rest_route=%2Fwp%2Fv2%2Fmedia&parent=352436"}],"wp:term":[{"taxonomy":"category","embeddable":true,"href":"https:\/\/archive.sana.sy\/es\/index.php?rest_route=%2Fwp%2Fv2%2Fcategories&post=352436"},{"taxonomy":"post_tag","embeddable":true,"href":"https:\/\/archive.sana.sy\/es\/index.php?rest_route=%2Fwp%2Fv2%2Ftags&post=352436"}],"curies":[{"name":"wp","href":"https:\/\/api.w.org\/{rel}","templated":true}]}}